{"id":2302,"date":"2011-10-18T23:10:00","date_gmt":"2011-10-18T23:10:00","guid":{"rendered":"https:\/\/gycouture.com\/blogue\/index.php\/2011\/10\/18\/a-mccord-expositions-a-voir\/"},"modified":"2011-10-18T23:10:00","modified_gmt":"2011-10-18T23:10:00","slug":"a-mccord-expositions-a-voir","status":"publish","type":"post","link":"https:\/\/gycouture.com\/blogue\/?p=2302","title":{"rendered":"\u00e0 McCord, expositions \u00e0 voir"},"content":{"rendered":"<p><a href=\"https:\/\/blogger.googleusercontent.com\/img\/b\/R29vZ2xl\/AVvXsEgmUjxxgCnVGXMg04hkHyj6CZe7ityIaOwrT3pF8d7Ee5vc01VFodXw_IqST4g9n4Q-3Hr1w5808ET2ZLCKB1_KBDr0WE_nqWeChT4Dk9UxKcJZgceYhXCH2_pRLA2_fFCq4Uyc\/s1600\/OIL_490x390.jpg\"><img decoding=\"async\" style=\"display:block; margin:0px auto 10px; text-align:center;cursor:pointer; cursor:hand;width: 400px; height: 318px;\" src=\"https:\/\/blogger.googleusercontent.com\/img\/b\/R29vZ2xl\/AVvXsEgmUjxxgCnVGXMg04hkHyj6CZe7ityIaOwrT3pF8d7Ee5vc01VFodXw_IqST4g9n4Q-3Hr1w5808ET2ZLCKB1_KBDr0WE_nqWeChT4Dk9UxKcJZgceYhXCH2_pRLA2_fFCq4Uyc\/s400\/OIL_490x390.jpg\" border=\"0\" alt=\"\"id=\"BLOGGER_PHOTO_ID_5664972810199624882\" \/><\/a><br \/>je compte bien aller voir ces deux expositions au <a href=\"http:\/\/www.musee-mccord.qc.ca\/expositions\/expositionsXSL.php?lang=2&amp;expoId=69&amp;page=accueil\" target=\"_blank\">mus\u00e9e mccord<\/a> \u00e0 montr\u00e9al. <\/p>\n<p>la premi\u00e8re est une s\u00e9rie de photos de <a href=\"http:\/\/www.edwardburtynsky.com\/\" target=\"_blank\">edward burtynsky<\/a>. <br \/>\u00abUne impressionnante exposition, compos\u00e9e de 56 photographies couleur, grand format, du renomm\u00e9 photographe canadien Edward Burtynsky, qui explore le th\u00e8me du p\u00e9trole, ressource premi\u00e8re fortement d\u00e9cri\u00e9e, qui a fa\u00e7onn\u00e9 le monde contemporain.\u00bb<\/p>\n<p>sur son site, on peut voir quelques sections sur ce sujet. les photos de burtynsky sont toujours magnifiquement d\u00e9primantes&#8230; du 6 octobre 2011 au 8 janvier 2012<\/p>\n<p>et dans le cadre du mois de la photo, au m\u00eame mus\u00e9e, il y a l&rsquo;intrigante exposition de <a href=\"http:\/\/www.musee-mccord.qc.ca\/expositions\/expositionsXSL.php?lang=2&amp;expoId=74&amp;page=accueil\" target=\"_blank\">luis jacob<\/a> de toronto. <\/p>\n<p>\u00abSon tout r\u00e9cent Album X (2011), fin d\u00e9coupage d&rsquo;images trouv\u00e9es provenant de diverses sources imprim\u00e9es, et le Cabinet (Montr\u00e9al) (2011) qu&rsquo;il constitue pour Le Mois de la Photo \u00e0 Montr\u00e9al \u00e0 partir de la collection de photographies du Mus\u00e9e McCord, engagent une riche r\u00e9flexion visuelle sur les fa\u00e7ons de regarder, la conscience de nos multiples cadrages, la peur du vide et le lieu d&rsquo;intersubjectivit\u00e9 qu&rsquo;est l&rsquo;image.\u00bb<\/p>\n<p>\u00e7a devrait \u00eatre int\u00e9ressant. du 2 septembre au 20 novembre 2011<\/p>\n","protected":false},"excerpt":{"rendered":"<p>je compte bien aller voir ces deux expositions au mus\u00e9e mccord \u00e0 montr\u00e9al. la premi\u00e8re est une s\u00e9rie de photos de edward burtynsky. \u00abUne impressionnante exposition, compos\u00e9e de 56 photographies couleur, grand format, du renomm\u00e9 photographe canadien Edward Burtynsky, qui explore le th\u00e8me du p\u00e9trole, ressource premi\u00e8re fortement d\u00e9cri\u00e9e, qui a fa\u00e7onn\u00e9 le monde contemporain.\u00bb sur son site, on peut voir quelques sections sur ce sujet. les photos de burtynsky sont toujours magnifiquement d\u00e9primantes&#8230; du 6 octobre 2011 au 8 janvier 2012 et dans le cadre du mois de la photo, au m\u00eame mus\u00e9e, il y a l&rsquo;intrigante exposition de luis jacob de toronto. \u00abSon tout r\u00e9cent Album X (2011), fin d\u00e9coupage d&rsquo;images trouv\u00e9es provenant de diverses sources imprim\u00e9es, et le Cabinet (Montr\u00e9al) (2011) qu&rsquo;il constitue pour Le Mois de la Photo \u00e0 Montr\u00e9al \u00e0 partir de la collection de photographies du Mus\u00e9e McCord, engagent une riche r\u00e9flexion visuelle sur les fa\u00e7ons de regarder, la conscience de nos multiples cadrages, la peur du vide et le lieu d&rsquo;intersubjectivit\u00e9 qu&rsquo;est l&rsquo;image.\u00bb \u00e7a devrait \u00eatre int\u00e9ressant. du 2 septembre au 20 novembre 2011<\/p>\n","protected":false},"author":1,"featured_media":0,"comment_status":"open","ping_status":"open","sticky":false,"template":"","format":"standard","meta":{"footnotes":""},"categories":[6,11],"tags":[],"class_list":["post-2302","post","type-post","status-publish","format-standard","hentry","category-air-du-temps","category-sorties"],"acf":[],"_links":{"self":[{"href":"https:\/\/gycouture.com\/blogue\/index.php?rest_route=\/wp\/v2\/posts\/2302","targetHints":{"allow":["GET"]}}],"collection":[{"href":"https:\/\/gycouture.com\/blogue\/index.php?rest_route=\/wp\/v2\/posts"}],"about":[{"href":"https:\/\/gycouture.com\/blogue\/index.php?rest_route=\/wp\/v2\/types\/post"}],"author":[{"embeddable":true,"href":"https:\/\/gycouture.com\/blogue\/index.php?rest_route=\/wp\/v2\/users\/1"}],"replies":[{"embeddable":true,"href":"https:\/\/gycouture.com\/blogue\/index.php?rest_route=%2Fwp%2Fv2%2Fcomments&post=2302"}],"version-history":[{"count":0,"href":"https:\/\/gycouture.com\/blogue\/index.php?rest_route=\/wp\/v2\/posts\/2302\/revisions"}],"wp:attachment":[{"href":"https:\/\/gycouture.com\/blogue\/index.php?rest_route=%2Fwp%2Fv2%2Fmedia&parent=2302"}],"wp:term":[{"taxonomy":"category","embeddable":true,"href":"https:\/\/gycouture.com\/blogue\/index.php?rest_route=%2Fwp%2Fv2%2Fcategories&post=2302"},{"taxonomy":"post_tag","embeddable":true,"href":"https:\/\/gycouture.com\/blogue\/index.php?rest_route=%2Fwp%2Fv2%2Ftags&post=2302"}],"curies":[{"name":"wp","href":"https:\/\/api.w.org\/{rel}","templated":true}]}}