{"id":2289,"date":"2011-11-15T21:35:00","date_gmt":"2011-11-15T21:35:00","guid":{"rendered":"https:\/\/gycouture.com\/blogue\/index.php\/2011\/11\/15\/creativite-avoir-du-temps\/"},"modified":"2011-11-15T21:35:00","modified_gmt":"2011-11-15T21:35:00","slug":"creativite-avoir-du-temps","status":"publish","type":"post","link":"https:\/\/gycouture.com\/blogue\/?p=2289","title":{"rendered":"cr\u00e9ativit\u00e9 = avoir du temps"},"content":{"rendered":"<p><a href=\"https:\/\/blogger.googleusercontent.com\/img\/b\/R29vZ2xl\/AVvXsEgc0owP9ChM_NGFBL6Gmt92NbokyK3DTfjI4fr016UXw1gtgcp2JSWHbr9X_vj0QaFE9U-Vqquuk47nEiN53PfIFBmX1GFngabrE62pjr-VL6_3-te0vVr4TDSh88Mde1y2SFOP\/s1600\/cadran.jpg\"><img decoding=\"async\" style=\"display:block; margin:0px auto 10px; text-align:center;cursor:pointer; cursor:hand;width: 400px; height: 189px;\" src=\"https:\/\/blogger.googleusercontent.com\/img\/b\/R29vZ2xl\/AVvXsEgc0owP9ChM_NGFBL6Gmt92NbokyK3DTfjI4fr016UXw1gtgcp2JSWHbr9X_vj0QaFE9U-Vqquuk47nEiN53PfIFBmX1GFngabrE62pjr-VL6_3-te0vVr4TDSh88Mde1y2SFOP\/s400\/cadran.jpg\" border=\"0\" alt=\"\"id=\"BLOGGER_PHOTO_ID_5675337445456625506\" \/><\/a>devant des clients qui ne comprenaient pas l&rsquo;\u00e9quation \u00ab\u00eatre plus cr\u00e9atif = demande plus de temps\u00bb, le kreativmagazin a fait <a href=\"http:\/\/www.youtube.com\/watch?feature=player_embedded&amp;v=jgvx9OfZKJw\" target=\"_blank\">ce court film<\/a> qui explique ce concept de mani\u00e8re brillante.<\/p>\n<p>\u00e0 voir, \u00e0 revoir et \u00e0 faire circuler pour que tout le monde comprenne bien. avoir le cerveau en \u00e9veil, avoir du plaisir dans le travail \u00e0 faire suscite la cr\u00e9ativit\u00e9, mais il faut aussi avoir du temps. ai-je dit que c&rsquo;\u00e9tait vraiment bien fait?<\/p>\n<p>via <a href=\"http:\/\/blog.drawn.ca\/post\/12741390073\/deadlines-by-kreativmagazin-illustrates-how%22\" target=\"_blank\">drawn<\/a><\/p>\n","protected":false},"excerpt":{"rendered":"<p>devant des clients qui ne comprenaient pas l&rsquo;\u00e9quation \u00ab\u00eatre plus cr\u00e9atif = demande plus de temps\u00bb, le kreativmagazin a fait ce court film qui explique ce concept de mani\u00e8re brillante. \u00e0 voir, \u00e0 revoir et \u00e0 faire circuler pour que tout le monde comprenne bien. avoir le cerveau en \u00e9veil, avoir du plaisir dans le travail \u00e0 faire suscite la cr\u00e9ativit\u00e9, mais il faut aussi avoir du temps. ai-je dit que c&rsquo;\u00e9tait vraiment bien fait? via drawn<\/p>\n","protected":false},"author":1,"featured_media":0,"comment_status":"open","ping_status":"open","sticky":false,"template":"","format":"standard","meta":{"footnotes":""},"categories":[6,5,3,9],"tags":[],"class_list":["post-2289","post","type-post","status-publish","format-standard","hentry","category-air-du-temps","category-artistique","category-creativite","category-sourire"],"acf":[],"_links":{"self":[{"href":"https:\/\/gycouture.com\/blogue\/index.php?rest_route=\/wp\/v2\/posts\/2289","targetHints":{"allow":["GET"]}}],"collection":[{"href":"https:\/\/gycouture.com\/blogue\/index.php?rest_route=\/wp\/v2\/posts"}],"about":[{"href":"https:\/\/gycouture.com\/blogue\/index.php?rest_route=\/wp\/v2\/types\/post"}],"author":[{"embeddable":true,"href":"https:\/\/gycouture.com\/blogue\/index.php?rest_route=\/wp\/v2\/users\/1"}],"replies":[{"embeddable":true,"href":"https:\/\/gycouture.com\/blogue\/index.php?rest_route=%2Fwp%2Fv2%2Fcomments&post=2289"}],"version-history":[{"count":0,"href":"https:\/\/gycouture.com\/blogue\/index.php?rest_route=\/wp\/v2\/posts\/2289\/revisions"}],"wp:attachment":[{"href":"https:\/\/gycouture.com\/blogue\/index.php?rest_route=%2Fwp%2Fv2%2Fmedia&parent=2289"}],"wp:term":[{"taxonomy":"category","embeddable":true,"href":"https:\/\/gycouture.com\/blogue\/index.php?rest_route=%2Fwp%2Fv2%2Fcategories&post=2289"},{"taxonomy":"post_tag","embeddable":true,"href":"https:\/\/gycouture.com\/blogue\/index.php?rest_route=%2Fwp%2Fv2%2Ftags&post=2289"}],"curies":[{"name":"wp","href":"https:\/\/api.w.org\/{rel}","templated":true}]}}