{"id":2186,"date":"2012-06-18T22:24:00","date_gmt":"2012-06-18T22:24:00","guid":{"rendered":"https:\/\/gycouture.com\/blogue\/index.php\/2012\/06\/18\/encore-quelques-petites-choses\/"},"modified":"2012-06-18T22:24:00","modified_gmt":"2012-06-18T22:24:00","slug":"encore-quelques-petites-choses","status":"publish","type":"post","link":"https:\/\/gycouture.com\/blogue\/?p=2186","title":{"rendered":"encore quelques petites choses&#8230;"},"content":{"rendered":"<p>alors voici aujourd&rsquo;hui et demain, mes derniers billets sur londres, car j&rsquo;avais encore une couple de choses \u00e0 raconter l\u00e0 dessus. <br \/>\n<a href=\"https:\/\/blogger.googleusercontent.com\/img\/b\/R29vZ2xl\/AVvXsEgKa47ycfMakxNOn_bpN4ea1Bvi3GTos_clY5edxBs23MI_-4eYHewU_7QYKuKlM0ji5ARfKgSMXJ4qx9aIZhs4qSw134MfTxhpdGImImzRfV_2C0PZ-QoDH-ToPmy1CbM34E3x\/s1600\/Lucian-Freud-Portraits-at-the-National-Portrait-Gallery-London.jpg\" style=\"margin-left: 1em; margin-right: 1em;\"><img decoding=\"async\" border=\"0\" src=\"https:\/\/blogger.googleusercontent.com\/img\/b\/R29vZ2xl\/AVvXsEgKa47ycfMakxNOn_bpN4ea1Bvi3GTos_clY5edxBs23MI_-4eYHewU_7QYKuKlM0ji5ARfKgSMXJ4qx9aIZhs4qSw134MfTxhpdGImImzRfV_2C0PZ-QoDH-ToPmy1CbM34E3x\/s1600\/Lucian-Freud-Portraits-at-the-National-Portrait-Gallery-London.jpg\" \/><\/a><br \/>\nquand j&rsquo;ai vu l&rsquo;exposition des portraits de lucian freud, j&rsquo;ai aussi vu la photo ci-dessus (2011). j&rsquo;ai r\u00e9alis\u00e9 tout \u00e0 coup que la reine \u00e9lizabeth est la personne qui a pos\u00e9 devant les artistes les plus divers. <\/p>\n<p>voir ici un court film sur <a href=\"http:\/\/www.chrislevine.com\/wd\/?page_id=14\" target=\"_blank\">le travail avec chris levine<\/a> en 2004 (photo ci-dessous). sur la photo choisie, elle a a les yeux ferm\u00e9s, car c&rsquo;\u00e9tait un moment o\u00f9 elle faisait une petite pause pendant la session de prise de vue. mais on peut parler des autres portraits, sessions photos avec annie leibovitz (2008), etc. . <\/p>\n<p>je serais bien curieuse de lire sur ses nombreuses exp\u00e9riences, \u00e7a serait s\u00fbrement int\u00e9ressant.<br \/>\n<a href=\"https:\/\/blogger.googleusercontent.com\/img\/b\/R29vZ2xl\/AVvXsEjS4yPo2K70vSt52X-MO3oYw2oiMpmRgRSd7ATHA9Ru6IQF2SpZ_KCV7Uk2HnA9JR50VecHoCN24AtXxRGWrtR766XCqr1nLSQArdY8qxXOn9bG3nry-fj6Nr61KWwJXHnnxrz-\/s1600\/queen.jpg\" style=\"margin-left: 1em; margin-right: 1em;\"><img decoding=\"async\" border=\"0\" src=\"https:\/\/blogger.googleusercontent.com\/img\/b\/R29vZ2xl\/AVvXsEjS4yPo2K70vSt52X-MO3oYw2oiMpmRgRSd7ATHA9Ru6IQF2SpZ_KCV7Uk2HnA9JR50VecHoCN24AtXxRGWrtR766XCqr1nLSQArdY8qxXOn9bG3nry-fj6Nr61KWwJXHnnxrz-\/s1600\/queen.jpg\" \/><\/a><br \/>\n\u00e9videmment, en cette ann\u00e9e de jubil\u00e9, il y avait une exposition des portraits de la reine \u00e0 la <a href=\"http:\/\/www.npg.org.uk\/whatson\/the-queen\/the-queen-art-image.php\" target=\"_blank\">national portrait gallery<\/a>.<\/p>\n","protected":false},"excerpt":{"rendered":"<p>alors voici aujourd&rsquo;hui et demain, mes derniers billets sur londres, car j&rsquo;avais encore une couple de choses \u00e0 raconter l\u00e0 dessus. quand j&rsquo;ai vu l&rsquo;exposition des portraits de lucian freud, j&rsquo;ai aussi vu la photo ci-dessus (2011). j&rsquo;ai r\u00e9alis\u00e9 tout \u00e0 coup que la reine \u00e9lizabeth est la personne qui a pos\u00e9 devant les artistes les plus divers. voir ici un court film sur le travail avec chris levine en 2004 (photo ci-dessous). sur la photo choisie, elle a a les yeux ferm\u00e9s, car c&rsquo;\u00e9tait un moment o\u00f9 elle faisait une petite pause pendant la session de prise de vue. mais on peut parler des autres portraits, sessions photos avec annie leibovitz (2008), etc. . je serais bien curieuse de lire sur ses nombreuses exp\u00e9riences, \u00e7a serait s\u00fbrement int\u00e9ressant. \u00e9videmment, en cette ann\u00e9e de jubil\u00e9, il y avait une exposition des portraits de la reine \u00e0 la national portrait gallery.<\/p>\n","protected":false},"author":1,"featured_media":0,"comment_status":"open","ping_status":"open","sticky":false,"template":"","format":"standard","meta":{"footnotes":""},"categories":[6,5],"tags":[],"class_list":["post-2186","post","type-post","status-publish","format-standard","hentry","category-air-du-temps","category-artistique"],"acf":[],"_links":{"self":[{"href":"https:\/\/gycouture.com\/blogue\/index.php?rest_route=\/wp\/v2\/posts\/2186","targetHints":{"allow":["GET"]}}],"collection":[{"href":"https:\/\/gycouture.com\/blogue\/index.php?rest_route=\/wp\/v2\/posts"}],"about":[{"href":"https:\/\/gycouture.com\/blogue\/index.php?rest_route=\/wp\/v2\/types\/post"}],"author":[{"embeddable":true,"href":"https:\/\/gycouture.com\/blogue\/index.php?rest_route=\/wp\/v2\/users\/1"}],"replies":[{"embeddable":true,"href":"https:\/\/gycouture.com\/blogue\/index.php?rest_route=%2Fwp%2Fv2%2Fcomments&post=2186"}],"version-history":[{"count":0,"href":"https:\/\/gycouture.com\/blogue\/index.php?rest_route=\/wp\/v2\/posts\/2186\/revisions"}],"wp:attachment":[{"href":"https:\/\/gycouture.com\/blogue\/index.php?rest_route=%2Fwp%2Fv2%2Fmedia&parent=2186"}],"wp:term":[{"taxonomy":"category","embeddable":true,"href":"https:\/\/gycouture.com\/blogue\/index.php?rest_route=%2Fwp%2Fv2%2Fcategories&post=2186"},{"taxonomy":"post_tag","embeddable":true,"href":"https:\/\/gycouture.com\/blogue\/index.php?rest_route=%2Fwp%2Fv2%2Ftags&post=2186"}],"curies":[{"name":"wp","href":"https:\/\/api.w.org\/{rel}","templated":true}]}}