{"id":2170,"date":"2012-08-01T21:03:00","date_gmt":"2012-08-01T21:03:00","guid":{"rendered":"https:\/\/gycouture.com\/blogue\/index.php\/2012\/08\/01\/demenagement-et-nouveau-livre\/"},"modified":"2012-08-01T21:03:00","modified_gmt":"2012-08-01T21:03:00","slug":"demenagement-et-nouveau-livre","status":"publish","type":"post","link":"https:\/\/gycouture.com\/blogue\/?p=2170","title":{"rendered":"d\u00e9m\u00e9nagement et nouveau livre"},"content":{"rendered":"<div style=\"clear: both; text-align: center;\"><a href=\"https:\/\/blogger.googleusercontent.com\/img\/b\/R29vZ2xl\/AVvXsEiX1bTpd1Xp-JJnr8HE7PpS5jNGGQaj5R31FbrI5u_r7bP3IfzC7haWiqOOT4Tj_sJq_cqBm_D_uEOKdvA9swzQz-c85LGo5z_F4m6SdrfLkTQvZQQ0kKxcmlv6V-vWAAE1Kdnb\/s1600\/atelier_1a.jpg\" style=\"margin-left: 1em; margin-right: 1em;\"><img decoding=\"async\" border=\"0\" src=\"https:\/\/blogger.googleusercontent.com\/img\/b\/R29vZ2xl\/AVvXsEiX1bTpd1Xp-JJnr8HE7PpS5jNGGQaj5R31FbrI5u_r7bP3IfzC7haWiqOOT4Tj_sJq_cqBm_D_uEOKdvA9swzQz-c85LGo5z_F4m6SdrfLkTQvZQQ0kKxcmlv6V-vWAAE1Kdnb\/s1600\/atelier_1a.jpg\" \/><\/a><\/div>\n<p>voil\u00e0, c&rsquo;est fait. nous avons d\u00e9m\u00e9nag\u00e9 d&rsquo;atelier. j&rsquo;ai maintenant un coin tr\u00e8s ensoleill\u00e9. j&rsquo;en suis \u00e0 ma derni\u00e8re semaine de vacances avant un retour \u00e0 l&rsquo;enseignement la semaine prochaine. alors, j&rsquo;ai rapidement install\u00e9 mes deux tables, comme dans l&rsquo;atelier pr\u00e9c\u00e9dent. <\/p>\n<p>j&rsquo;ai avanc\u00e9 \u00e0 grands pas mon livre sur le fleuve st-laurent, qui fera partie de d&rsquo;exposition <a href=\"http:\/\/livresdartistesauportage.wordpress.com\/\" target=\"_blank\">sur le livre d&rsquo;artiste<\/a> \u00e0 notre-dame-du-portage lors des journ\u00e9es de la culture en septembre prochain. je vous en reparlerai.<\/p>\n<p>j&rsquo;aime pouvoir aller dans le bas du fleuve au moins une fois par ann\u00e9e, m\u00eame si ce n&rsquo;est que pour quelques jours. j&rsquo;ai ressorti toutes mes photos et dessins de mes s\u00e9jours pr\u00e9c\u00e9dents. j&rsquo;ai essay\u00e9 plusieurs id\u00e9es, mais ce n&rsquo;\u00e9tait pas concluant ni int\u00e9ressant. apr\u00e8s avoir mijot\u00e9 longuement sur la forme, sur le texte et finalement sur les \u00e9l\u00e9ments visuels, voici que tout cela prend forme. \u00e0 chaque journ\u00e9e son \u00e9tape pour le terminer \u00e0 temps.<\/p>\n<div style=\"clear: both; text-align: center;\"><a href=\"https:\/\/blogger.googleusercontent.com\/img\/b\/R29vZ2xl\/AVvXsEjaT52ufD_GMVibdzssdn4jy6Y20srrk0gp9mjrs83NVkytmfw8eC_JdsJ8naLdnRNQstSBrwoiZGJ3uIWMv1vU9aJfLz7RB7MuX3jgy21TPrdYSS8FBIhcAjozj6k08xwxabNR\/s1600\/atelier_2.jpg\" style=\"margin-left: 1em; margin-right: 1em;\"><img decoding=\"async\" border=\"0\" src=\"https:\/\/blogger.googleusercontent.com\/img\/b\/R29vZ2xl\/AVvXsEjaT52ufD_GMVibdzssdn4jy6Y20srrk0gp9mjrs83NVkytmfw8eC_JdsJ8naLdnRNQstSBrwoiZGJ3uIWMv1vU9aJfLz7RB7MuX3jgy21TPrdYSS8FBIhcAjozj6k08xwxabNR\/s1600\/atelier_2.jpg\" \/><\/a><\/div>\n","protected":false},"excerpt":{"rendered":"<p>voil\u00e0, c&rsquo;est fait. nous avons d\u00e9m\u00e9nag\u00e9 d&rsquo;atelier. j&rsquo;ai maintenant un coin tr\u00e8s ensoleill\u00e9. j&rsquo;en suis \u00e0 ma derni\u00e8re semaine de vacances avant un retour \u00e0 l&rsquo;enseignement la semaine prochaine. alors, j&rsquo;ai rapidement install\u00e9 mes deux tables, comme dans l&rsquo;atelier pr\u00e9c\u00e9dent. j&rsquo;ai avanc\u00e9 \u00e0 grands pas mon livre sur le fleuve st-laurent, qui fera partie de d&rsquo;exposition sur le livre d&rsquo;artiste \u00e0 notre-dame-du-portage lors des journ\u00e9es de la culture en septembre prochain. je vous en reparlerai. j&rsquo;aime pouvoir aller dans le bas du fleuve au moins une fois par ann\u00e9e, m\u00eame si ce n&rsquo;est que pour quelques jours. j&rsquo;ai ressorti toutes mes photos et dessins de mes s\u00e9jours pr\u00e9c\u00e9dents. j&rsquo;ai essay\u00e9 plusieurs id\u00e9es, mais ce n&rsquo;\u00e9tait pas concluant ni int\u00e9ressant. apr\u00e8s avoir mijot\u00e9 longuement sur la forme, sur le texte et finalement sur les \u00e9l\u00e9ments visuels, voici que tout cela prend forme. \u00e0 chaque journ\u00e9e son \u00e9tape pour le terminer \u00e0 temps.<\/p>\n","protected":false},"author":1,"featured_media":0,"comment_status":"open","ping_status":"open","sticky":false,"template":"","format":"standard","meta":{"footnotes":""},"categories":[6,5,3,7,4],"tags":[],"class_list":["post-2170","post","type-post","status-publish","format-standard","hentry","category-air-du-temps","category-artistique","category-creativite","category-livres","category-mes-projets"],"acf":[],"_links":{"self":[{"href":"https:\/\/gycouture.com\/blogue\/index.php?rest_route=\/wp\/v2\/posts\/2170","targetHints":{"allow":["GET"]}}],"collection":[{"href":"https:\/\/gycouture.com\/blogue\/index.php?rest_route=\/wp\/v2\/posts"}],"about":[{"href":"https:\/\/gycouture.com\/blogue\/index.php?rest_route=\/wp\/v2\/types\/post"}],"author":[{"embeddable":true,"href":"https:\/\/gycouture.com\/blogue\/index.php?rest_route=\/wp\/v2\/users\/1"}],"replies":[{"embeddable":true,"href":"https:\/\/gycouture.com\/blogue\/index.php?rest_route=%2Fwp%2Fv2%2Fcomments&post=2170"}],"version-history":[{"count":0,"href":"https:\/\/gycouture.com\/blogue\/index.php?rest_route=\/wp\/v2\/posts\/2170\/revisions"}],"wp:attachment":[{"href":"https:\/\/gycouture.com\/blogue\/index.php?rest_route=%2Fwp%2Fv2%2Fmedia&parent=2170"}],"wp:term":[{"taxonomy":"category","embeddable":true,"href":"https:\/\/gycouture.com\/blogue\/index.php?rest_route=%2Fwp%2Fv2%2Fcategories&post=2170"},{"taxonomy":"post_tag","embeddable":true,"href":"https:\/\/gycouture.com\/blogue\/index.php?rest_route=%2Fwp%2Fv2%2Ftags&post=2170"}],"curies":[{"name":"wp","href":"https:\/\/api.w.org\/{rel}","templated":true}]}}