{"id":2147,"date":"2012-09-29T21:14:00","date_gmt":"2012-09-29T21:14:00","guid":{"rendered":"https:\/\/gycouture.com\/blogue\/index.php\/2012\/09\/29\/une-expo-dans-le-bas-du-fleuve\/"},"modified":"2012-09-29T21:14:00","modified_gmt":"2012-09-29T21:14:00","slug":"une-expo-dans-le-bas-du-fleuve","status":"publish","type":"post","link":"https:\/\/gycouture.com\/blogue\/?p=2147","title":{"rendered":"une expo dans le bas du fleuve"},"content":{"rendered":"<div style=\"clear: both; text-align: center;\"><a href=\"https:\/\/blogger.googleusercontent.com\/img\/b\/R29vZ2xl\/AVvXsEjol5XS44JIPVjJZVYYi0RKfIGMXIaJgeMR2y3YjO_9lUeBOKr3mMRicSZxrV3ROj8x0FmsOjUSnb_puYolypmXWa1dqbcp2-Bkiv0_52NgPeTrYEDrp_x2wxkh8ni4ybHSLRZP\/s1600\/portage_1.jpg\" style=\"margin-left: 1em; margin-right: 1em;\"><img decoding=\"async\" border=\"0\" src=\"https:\/\/blogger.googleusercontent.com\/img\/b\/R29vZ2xl\/AVvXsEjol5XS44JIPVjJZVYYi0RKfIGMXIaJgeMR2y3YjO_9lUeBOKr3mMRicSZxrV3ROj8x0FmsOjUSnb_puYolypmXWa1dqbcp2-Bkiv0_52NgPeTrYEDrp_x2wxkh8ni4ybHSLRZP\/s1600\/portage_1.jpg\" \/><\/a><\/div>\n<p><\/p>\n<div style=\"clear: both; text-align: center;\"><a href=\"https:\/\/blogger.googleusercontent.com\/img\/b\/R29vZ2xl\/AVvXsEizGzuGixTXUWTYxIG917JU49rh0svEJYSIJmvmr_KdkwxmC6s40kHp5DB8Ki5-MXumt5k30pfK8ZF2iSKwbZCgMIIyb3jxoO9xVOmKM6OrAYpmarMl03d1aj_WRPZjCuW997Ke\/s1600\/portage_2.jpg\" style=\"margin-left: 1em; margin-right: 1em;\"><img decoding=\"async\" border=\"0\" src=\"https:\/\/blogger.googleusercontent.com\/img\/b\/R29vZ2xl\/AVvXsEizGzuGixTXUWTYxIG917JU49rh0svEJYSIJmvmr_KdkwxmC6s40kHp5DB8Ki5-MXumt5k30pfK8ZF2iSKwbZCgMIIyb3jxoO9xVOmKM6OrAYpmarMl03d1aj_WRPZjCuW997Ke\/s1600\/portage_2.jpg\" \/><\/a><\/div>\n<p><\/p>\n<div style=\"clear: both; text-align: center;\"><a href=\"https:\/\/blogger.googleusercontent.com\/img\/b\/R29vZ2xl\/AVvXsEhOdyeHrvuPwx0xg1TQ79s2oGxriU9YvpOcRwXXv12TX3SVVvb2vmwB_7cyiW92XhEBrkL8WaiP_0oWfnu0JcPzSr6GlG_lKec0pvzVme9_BqJvGv_nHAgNtX5GOQRX-dYNv5s9\/s1600\/portage_3.jpg\" style=\"margin-left: 1em; margin-right: 1em;\"><img decoding=\"async\" border=\"0\" src=\"https:\/\/blogger.googleusercontent.com\/img\/b\/R29vZ2xl\/AVvXsEhOdyeHrvuPwx0xg1TQ79s2oGxriU9YvpOcRwXXv12TX3SVVvb2vmwB_7cyiW92XhEBrkL8WaiP_0oWfnu0JcPzSr6GlG_lKec0pvzVme9_BqJvGv_nHAgNtX5GOQRX-dYNv5s9\/s1600\/portage_3.jpg\" \/><\/a><\/div>\n<p>\nce week-end, je suis \u00e0 notre-dame du portage dans le bas du fleuve. raymonde lamothe a organis\u00e9 <a href=\"http:\/\/livresdartistesauportage.wordpress.com\/\" target=\"_blank\">une magnifique exposition sur le livre d&rsquo;artiste<\/a>. je crois ne jamais en avoir vu autant en vrai en m\u00eame temps. l&rsquo;exposition est tr\u00e8s int\u00e9ressante parce vari\u00e9e, plusieurs fa\u00e7ons de faire s&rsquo;y retrouvent.<\/p>\n<p>et aujourd&rsquo;hui, nous avons eu droit \u00e0 une conf\u00e9rence de <a href=\"http:\/\/www.atelier.qc.ca\/galerie\/gal_aird.html\" target=\"_blank\">jocelyne aird-b\u00e9langer<\/a>. elle nous a expliqu\u00e9 sa d\u00e9marche d&rsquo;artiste et comment elle est venu au livre d&rsquo;artiste en plus des projets d&rsquo;\u00e9change avec le mexique et cuba. une belle rencontre l\u00e0 aussi.<\/p>\n<p>l&rsquo;expo se termine demain dimanche.  <\/p>\n<p>je suis une habitu\u00e9e du bas du fleuve, mais c&rsquo;est la premi\u00e8re fois que je viens \u00e0 l&rsquo;automne et je dois avouer que c&rsquo;est une magnifique p\u00e9riode. les couleurs sont diff\u00e9rentes, la lumi\u00e8re aussi et le bord de fleuve n&rsquo;offre pas les m\u00eames tons.<\/p>\n<p>le foin de mer est tellement dor\u00e9 que \u00e7a en est presque fluo. les grandes tiges sont parfois encore vertes ou elles ont rougis par le froid ce qui donne une texture tr\u00e8s particuli\u00e8re.<\/p>\n<div style=\"clear: both; text-align: center;\"><a href=\"https:\/\/blogger.googleusercontent.com\/img\/b\/R29vZ2xl\/AVvXsEh1aAgwJbnEOxj12qLD8cnW2TEMwMpcZ-cpLAM89S1GVL_YWo8ieqCt163Qey2gdNk1yJAEMK4wgGfkxptfaE_XXj6_bsgxJjF9sX59lDWnkiqiXfFF9M10Jyyxmjor6B0-ZDo2\/s1600\/portage_4.jpg\" style=\"margin-left: 1em; margin-right: 1em;\"><img decoding=\"async\" border=\"0\" src=\"https:\/\/blogger.googleusercontent.com\/img\/b\/R29vZ2xl\/AVvXsEh1aAgwJbnEOxj12qLD8cnW2TEMwMpcZ-cpLAM89S1GVL_YWo8ieqCt163Qey2gdNk1yJAEMK4wgGfkxptfaE_XXj6_bsgxJjF9sX59lDWnkiqiXfFF9M10Jyyxmjor6B0-ZDo2\/s1600\/portage_4.jpg\" \/><\/a><\/div>\n<p><\/p>\n","protected":false},"excerpt":{"rendered":"<p>ce week-end, je suis \u00e0 notre-dame du portage dans le bas du fleuve. raymonde lamothe a organis\u00e9 une magnifique exposition sur le livre d&rsquo;artiste. je crois ne jamais en avoir vu autant en vrai en m\u00eame temps. l&rsquo;exposition est tr\u00e8s int\u00e9ressante parce vari\u00e9e, plusieurs fa\u00e7ons de faire s&rsquo;y retrouvent. et aujourd&rsquo;hui, nous avons eu droit \u00e0 une conf\u00e9rence de jocelyne aird-b\u00e9langer. elle nous a expliqu\u00e9 sa d\u00e9marche d&rsquo;artiste et comment elle est venu au livre d&rsquo;artiste en plus des projets d&rsquo;\u00e9change avec le mexique et cuba. une belle rencontre l\u00e0 aussi. l&rsquo;expo se termine demain dimanche. je suis une habitu\u00e9e du bas du fleuve, mais c&rsquo;est la premi\u00e8re fois que je viens \u00e0 l&rsquo;automne et je dois avouer que c&rsquo;est une magnifique p\u00e9riode. les couleurs sont diff\u00e9rentes, la lumi\u00e8re aussi et le bord de fleuve n&rsquo;offre pas les m\u00eames tons. le foin de mer est tellement dor\u00e9 que \u00e7a en est presque fluo. les grandes tiges sont parfois encore vertes ou elles ont rougis par le froid ce qui donne une texture tr\u00e8s particuli\u00e8re.<\/p>\n","protected":false},"author":1,"featured_media":0,"comment_status":"open","ping_status":"open","sticky":false,"template":"","format":"standard","meta":{"footnotes":""},"categories":[5,3,7,4],"tags":[],"class_list":["post-2147","post","type-post","status-publish","format-standard","hentry","category-artistique","category-creativite","category-livres","category-mes-projets"],"acf":[],"_links":{"self":[{"href":"https:\/\/gycouture.com\/blogue\/index.php?rest_route=\/wp\/v2\/posts\/2147","targetHints":{"allow":["GET"]}}],"collection":[{"href":"https:\/\/gycouture.com\/blogue\/index.php?rest_route=\/wp\/v2\/posts"}],"about":[{"href":"https:\/\/gycouture.com\/blogue\/index.php?rest_route=\/wp\/v2\/types\/post"}],"author":[{"embeddable":true,"href":"https:\/\/gycouture.com\/blogue\/index.php?rest_route=\/wp\/v2\/users\/1"}],"replies":[{"embeddable":true,"href":"https:\/\/gycouture.com\/blogue\/index.php?rest_route=%2Fwp%2Fv2%2Fcomments&post=2147"}],"version-history":[{"count":0,"href":"https:\/\/gycouture.com\/blogue\/index.php?rest_route=\/wp\/v2\/posts\/2147\/revisions"}],"wp:attachment":[{"href":"https:\/\/gycouture.com\/blogue\/index.php?rest_route=%2Fwp%2Fv2%2Fmedia&parent=2147"}],"wp:term":[{"taxonomy":"category","embeddable":true,"href":"https:\/\/gycouture.com\/blogue\/index.php?rest_route=%2Fwp%2Fv2%2Fcategories&post=2147"},{"taxonomy":"post_tag","embeddable":true,"href":"https:\/\/gycouture.com\/blogue\/index.php?rest_route=%2Fwp%2Fv2%2Ftags&post=2147"}],"curies":[{"name":"wp","href":"https:\/\/api.w.org\/{rel}","templated":true}]}}