{"id":2135,"date":"2012-10-30T22:24:00","date_gmt":"2012-10-30T22:24:00","guid":{"rendered":"https:\/\/gycouture.com\/blogue\/index.php\/2012\/10\/30\/nouvelles-dun-mardi\/"},"modified":"2012-10-30T22:24:00","modified_gmt":"2012-10-30T22:24:00","slug":"nouvelles-dun-mardi","status":"publish","type":"post","link":"https:\/\/gycouture.com\/blogue\/?p=2135","title":{"rendered":"nouvelles d&rsquo;un mardi"},"content":{"rendered":"<p>je manque de temps. eh oui. je manque de temps pour faire le tour du web et trouver des choses int\u00e9ressantes, stimulantes. je travaille \u00e0 un nouveau livre d&rsquo;artiste que je veux proposer pour l&rsquo;exposition \u00abstellar\u00bb, au <a href=\"http:\/\/www.mnbookarts.org\/\" target=\"_blank\">Minnesota Center for Book Arts<\/a>. je mettrai des photos du \u00abmaking of\u00bb le week-end prochain. <\/p>\n<p>de plus, ma coloc d&rsquo;atelier c\u00e9cile a r\u00e9serv\u00e9 une table pour le dimanche 18 novembre \u00e0 <a href=\"http:\/\/www.expozine.ca\/\" target=\"_blank\">expozine<\/a>. j&rsquo;y serai avec mes zines aussi probablement. peut-\u00eatre vous verrai-je l\u00e0 bas?<br \/>\nc&rsquo;est int\u00e9ressant les salons, mais encore faut-il se pr\u00e9parer. ce que je fais aussi. je travaille sur un autre zine pour l&rsquo;occasion. \u00e0 suivre, \u00e7a aussi.<\/p>\n<p>ajoutez \u00e0 \u00e7a que nous ferons sans doute un petit 5 \u00e0 7 portes ouvertes quelque part en de d\u00e9cembre. je vous tiens au courant.<\/p>\n<div style=\"clear: both; text-align: center;\"><a href=\"https:\/\/blogger.googleusercontent.com\/img\/b\/R29vZ2xl\/AVvXsEiz2AMGTuiP8serDe-YS22l4uyPf9hV1ensXk_XB-X3NGi4juP5b_fG46kRH7KaDXHgyuWu66YpJzGv7F7tB-HUuoCR_42QUPJVH0O7-K4xwe4ZyYT16tTknrcdT5AcM9d2-UFN\/s1600\/009_800.jpg\" style=\"margin-left: 1em; margin-right: 1em;\"><img decoding=\"async\" border=\"0\" src=\"https:\/\/blogger.googleusercontent.com\/img\/b\/R29vZ2xl\/AVvXsEiz2AMGTuiP8serDe-YS22l4uyPf9hV1ensXk_XB-X3NGi4juP5b_fG46kRH7KaDXHgyuWu66YpJzGv7F7tB-HUuoCR_42QUPJVH0O7-K4xwe4ZyYT16tTknrcdT5AcM9d2-UFN\/s1600\/009_800.jpg\" \/><\/a><\/div>\n<p>\naujourd,hui je vous propose le site des collages de <a href=\"http:\/\/www.kikebesada.ws\/\" target=\"_blank\">kike besada<\/a>, un jeune artiste espagnol vivant \u00e0 brooklyn. j&rsquo;aime ses compositions et la mani\u00e8re un peu brute de ses oeuvres.<\/p>\n<p>via <a href=\"http:\/\/dear-ada.tumblr.com\/\" target=\"_blank\">dear-ada<\/a>, o\u00f9 il y a beaucoup \u00e0 voir aussi.<\/p>\n","protected":false},"excerpt":{"rendered":"<p>je manque de temps. eh oui. je manque de temps pour faire le tour du web et trouver des choses int\u00e9ressantes, stimulantes. je travaille \u00e0 un nouveau livre d&rsquo;artiste que je veux proposer pour l&rsquo;exposition \u00abstellar\u00bb, au Minnesota Center for Book Arts. je mettrai des photos du \u00abmaking of\u00bb le week-end prochain. de plus, ma coloc d&rsquo;atelier c\u00e9cile a r\u00e9serv\u00e9 une table pour le dimanche 18 novembre \u00e0 expozine. j&rsquo;y serai avec mes zines aussi probablement. peut-\u00eatre vous verrai-je l\u00e0 bas? c&rsquo;est int\u00e9ressant les salons, mais encore faut-il se pr\u00e9parer. ce que je fais aussi. je travaille sur un autre zine pour l&rsquo;occasion. \u00e0 suivre, \u00e7a aussi. ajoutez \u00e0 \u00e7a que nous ferons sans doute un petit 5 \u00e0 7 portes ouvertes quelque part en de d\u00e9cembre. je vous tiens au courant. aujourd,hui je vous propose le site des collages de kike besada, un jeune artiste espagnol vivant \u00e0 brooklyn. j&rsquo;aime ses compositions et la mani\u00e8re un peu brute de ses oeuvres. via dear-ada, o\u00f9 il y a beaucoup \u00e0 voir aussi.<\/p>\n","protected":false},"author":1,"featured_media":0,"comment_status":"open","ping_status":"open","sticky":false,"template":"","format":"standard","meta":{"footnotes":""},"categories":[6,5,3,4],"tags":[],"class_list":["post-2135","post","type-post","status-publish","format-standard","hentry","category-air-du-temps","category-artistique","category-creativite","category-mes-projets"],"acf":[],"_links":{"self":[{"href":"https:\/\/gycouture.com\/blogue\/index.php?rest_route=\/wp\/v2\/posts\/2135","targetHints":{"allow":["GET"]}}],"collection":[{"href":"https:\/\/gycouture.com\/blogue\/index.php?rest_route=\/wp\/v2\/posts"}],"about":[{"href":"https:\/\/gycouture.com\/blogue\/index.php?rest_route=\/wp\/v2\/types\/post"}],"author":[{"embeddable":true,"href":"https:\/\/gycouture.com\/blogue\/index.php?rest_route=\/wp\/v2\/users\/1"}],"replies":[{"embeddable":true,"href":"https:\/\/gycouture.com\/blogue\/index.php?rest_route=%2Fwp%2Fv2%2Fcomments&post=2135"}],"version-history":[{"count":0,"href":"https:\/\/gycouture.com\/blogue\/index.php?rest_route=\/wp\/v2\/posts\/2135\/revisions"}],"wp:attachment":[{"href":"https:\/\/gycouture.com\/blogue\/index.php?rest_route=%2Fwp%2Fv2%2Fmedia&parent=2135"}],"wp:term":[{"taxonomy":"category","embeddable":true,"href":"https:\/\/gycouture.com\/blogue\/index.php?rest_route=%2Fwp%2Fv2%2Fcategories&post=2135"},{"taxonomy":"post_tag","embeddable":true,"href":"https:\/\/gycouture.com\/blogue\/index.php?rest_route=%2Fwp%2Fv2%2Ftags&post=2135"}],"curies":[{"name":"wp","href":"https:\/\/api.w.org\/{rel}","templated":true}]}}