{"id":2094,"date":"2013-01-20T15:40:00","date_gmt":"2013-01-20T15:40:00","guid":{"rendered":"https:\/\/gycouture.com\/blogue\/index.php\/2013\/01\/20\/lhorizon-reduit-dun-iphone-ou-lequivalent\/"},"modified":"2013-01-20T15:40:00","modified_gmt":"2013-01-20T15:40:00","slug":"lhorizon-reduit-dun-iphone-ou-lequivalent","status":"publish","type":"post","link":"https:\/\/gycouture.com\/blogue\/?p=2094","title":{"rendered":"l&rsquo;horizon r\u00e9duit d&rsquo;un iphone ou l&rsquo;\u00e9quivalent"},"content":{"rendered":"<div style=\"clear: both; text-align: center;\"><a href=\"https:\/\/blogger.googleusercontent.com\/img\/b\/R29vZ2xl\/AVvXsEhFXIDU7f0HW3T3b9lSaSsYHfNORPD0K9c9NM1uXknp8kuefor97e8JIv7_g_ScffDwK2H0qlCHJ-MRHlj-6rxd5LKLDmQCNvs6-6h9WOUAVJiRKlISNUZ5FMUDYRK7CPfpkBU\/s1600\/4_images.jpg\" style=\"margin-left: 1em; margin-right: 1em;\"><img decoding=\"async\" border=\"0\" src=\"https:\/\/blogger.googleusercontent.com\/img\/b\/R29vZ2xl\/AVvXsEhFXIDU7f0HW3T3b9lSaSsYHfNORPD0K9c9NM1uXknp8kuefor97e8JIv7_g_ScffDwK2H0qlCHJ-MRHlj-6rxd5LKLDmQCNvs6-6h9WOUAVJiRKlISNUZ5FMUDYRK7CPfpkBU\/s1600\/4_images.jpg\" \/><\/a><\/div>\n<p>\nj&rsquo;ai ce sujet qui me trotte dans la t\u00eate depuis un moment d\u00e9j\u00e0: le fin des regards dans la vie courante. tout le monde regarde son petit \u00e9cran. tout le monde semble prioriser ce qui s&rsquo;y passe plut\u00f4t que de vivre le moment pr\u00e9sent. j&rsquo;observe. les gens qui regardent leur \u00e9cran ne d\u00e9gagent pas la m\u00eame \u00e9nergie que ceux qui lisent un livre ou le journal. suis-je la seule \u00e0 le voir? est-ce seulement ma mauvaise perception?<\/p>\n<p>je suis fatigu\u00e9e d&rsquo;\u00eatre ralenti par quelqu&rsquo;un qui marche et qui texte en m\u00eame temps, sans tenir compte des autres, des gens qui te rentrent dedans parce qu&rsquo;ils regardent leurs \u00e9crans, etc.<\/p>\n<p>le journaliste du devoir fabien deglise a bien r\u00e9sum\u00e9 \u00e7a <a href=\"http:\/\/www.ledevoir.com\/societe\/actualites-en-societe\/366654\/polarisation-pourcentage-matricule\" target=\"_blank\">dans une chronique en d\u00e9cembre dernier<\/a><br \/>\n\u00abIntelligent (comme dans syst\u00e8me intelligent ou t\u00e9l\u00e9phone intelligent): La technologie fait muter bien des choses, y compris le mot intelligent qui, en 2012, a de moins en moins qualifi\u00e9 la capacit\u00e9 humaine \u00e0 conna\u00eetre et \u00e0 comprendre, mais plut\u00f4t son aptitude \u00e0 faire n\u2019importe quoi en essayant de se convaincre du contraire. Cette nouvelle conception de l\u2019intelligence fait qu\u2019aujourd\u2019hui il est possible d\u2019\u00eatre physiquement \u00e0 un endroit, mais mentalement absent, la faute \u00e0 un texto, une app ou un compte Facebook. On appelle \u00e7a la \u00abzombiquit\u00e9\u00bb, d\u2019ailleurs. Avec cette intelligence, on n\u2019assiste d\u2019ailleurs plus \u00e0 un spectacle, puisqu\u2019on a d\u00e9sormais l\u2019obligation sociale de le raconter, de le m\u00e9diatiser en temps r\u00e9el, afin de nourrir notre existence num\u00e9rique. C\u2019est elle aussi qui nous fait envoyer un texto \u00e0 quelqu\u2019un qui est physiquement au m\u00eame endroit que nous. La lumi\u00e8re de cette intelligence sortant d\u2019un \u00e9cran et \u00e0 laquelle on s\u2019expose de plus en plus avant de se coucher fait grimper le taux d\u2019insomnie en Am\u00e9rique du Nord, et du coup son corollaire: l\u2019irritabilit\u00e9 du lendemain.\u00bb<\/p>\n<p>la zombiquit\u00e9, voil\u00e0 le sujet de mon prochain livre. je jongle \u00e0 \u00e7a en images et en mots&#8230;<\/p>\n","protected":false},"excerpt":{"rendered":"<p>j&rsquo;ai ce sujet qui me trotte dans la t\u00eate depuis un moment d\u00e9j\u00e0: le fin des regards dans la vie courante. tout le monde regarde son petit \u00e9cran. tout le monde semble prioriser ce qui s&rsquo;y passe plut\u00f4t que de vivre le moment pr\u00e9sent. j&rsquo;observe. les gens qui regardent leur \u00e9cran ne d\u00e9gagent pas la m\u00eame \u00e9nergie que ceux qui lisent un livre ou le journal. suis-je la seule \u00e0 le voir? est-ce seulement ma mauvaise perception? je suis fatigu\u00e9e d&rsquo;\u00eatre ralenti par quelqu&rsquo;un qui marche et qui texte en m\u00eame temps, sans tenir compte des autres, des gens qui te rentrent dedans parce qu&rsquo;ils regardent leurs \u00e9crans, etc. le journaliste du devoir fabien deglise a bien r\u00e9sum\u00e9 \u00e7a dans une chronique en d\u00e9cembre dernier \u00abIntelligent (comme dans syst\u00e8me intelligent ou t\u00e9l\u00e9phone intelligent): La technologie fait muter bien des choses, y compris le mot intelligent qui, en 2012, a de moins en moins qualifi\u00e9 la capacit\u00e9 humaine \u00e0 conna\u00eetre et \u00e0 comprendre, mais plut\u00f4t son aptitude \u00e0 faire n\u2019importe quoi en essayant de se convaincre du contraire. Cette nouvelle conception de l\u2019intelligence fait qu\u2019aujourd\u2019hui il est possible d\u2019\u00eatre physiquement \u00e0 un endroit, mais mentalement absent, la faute \u00e0 un texto, une app ou un compte Facebook. On appelle \u00e7a la \u00abzombiquit\u00e9\u00bb, d\u2019ailleurs. Avec cette intelligence, on n\u2019assiste d\u2019ailleurs plus \u00e0 un spectacle, puisqu\u2019on a d\u00e9sormais l\u2019obligation sociale de le raconter, de le m\u00e9diatiser en temps r\u00e9el, afin de nourrir notre existence num\u00e9rique. C\u2019est elle aussi qui nous fait envoyer un texto \u00e0 quelqu\u2019un qui est physiquement au m\u00eame endroit que nous. La lumi\u00e8re de cette intelligence sortant d\u2019un \u00e9cran et \u00e0 laquelle on s\u2019expose de plus en plus avant de se coucher fait grimper le taux d\u2019insomnie en Am\u00e9rique du Nord, et du coup son corollaire: l\u2019irritabilit\u00e9 du lendemain.\u00bb la zombiquit\u00e9, voil\u00e0 le sujet de mon prochain livre. je jongle \u00e0 \u00e7a en images et en mots&#8230;<\/p>\n","protected":false},"author":1,"featured_media":0,"comment_status":"open","ping_status":"open","sticky":false,"template":"","format":"standard","meta":{"footnotes":""},"categories":[6,4,10],"tags":[],"class_list":["post-2094","post","type-post","status-publish","format-standard","hentry","category-air-du-temps","category-mes-projets","category-point-de-vue"],"acf":[],"_links":{"self":[{"href":"https:\/\/gycouture.com\/blogue\/index.php?rest_route=\/wp\/v2\/posts\/2094","targetHints":{"allow":["GET"]}}],"collection":[{"href":"https:\/\/gycouture.com\/blogue\/index.php?rest_route=\/wp\/v2\/posts"}],"about":[{"href":"https:\/\/gycouture.com\/blogue\/index.php?rest_route=\/wp\/v2\/types\/post"}],"author":[{"embeddable":true,"href":"https:\/\/gycouture.com\/blogue\/index.php?rest_route=\/wp\/v2\/users\/1"}],"replies":[{"embeddable":true,"href":"https:\/\/gycouture.com\/blogue\/index.php?rest_route=%2Fwp%2Fv2%2Fcomments&post=2094"}],"version-history":[{"count":0,"href":"https:\/\/gycouture.com\/blogue\/index.php?rest_route=\/wp\/v2\/posts\/2094\/revisions"}],"wp:attachment":[{"href":"https:\/\/gycouture.com\/blogue\/index.php?rest_route=%2Fwp%2Fv2%2Fmedia&parent=2094"}],"wp:term":[{"taxonomy":"category","embeddable":true,"href":"https:\/\/gycouture.com\/blogue\/index.php?rest_route=%2Fwp%2Fv2%2Fcategories&post=2094"},{"taxonomy":"post_tag","embeddable":true,"href":"https:\/\/gycouture.com\/blogue\/index.php?rest_route=%2Fwp%2Fv2%2Ftags&post=2094"}],"curies":[{"name":"wp","href":"https:\/\/api.w.org\/{rel}","templated":true}]}}