{"id":2075,"date":"2013-02-21T21:22:00","date_gmt":"2013-02-21T21:22:00","guid":{"rendered":"https:\/\/gycouture.com\/blogue\/index.php\/2013\/02\/21\/la-mode-qui-imagine-des-avatars\/"},"modified":"2013-02-21T21:22:00","modified_gmt":"2013-02-21T21:22:00","slug":"la-mode-qui-imagine-des-avatars","status":"publish","type":"post","link":"https:\/\/gycouture.com\/blogue\/?p=2075","title":{"rendered":"la mode qui imagine des avatars"},"content":{"rendered":"<div style=\"clear: both; text-align: center;\"><a href=\"https:\/\/blogger.googleusercontent.com\/img\/b\/R29vZ2xl\/AVvXsEicNTuUVyuSgHOzgipg7t1iSvgnWiykpRjVn8Aa4hZZ7VZgNIANjPt_xXBVqnvX5OyRkRASF7masIEk4sxdJNhejEXtY9JDXyA0gJqPh49lLrvtAKot-P2vXuesqrXnibM-WVs\/s1600\/4_images.jpg\" style=\"margin-left: 1em; margin-right: 1em;\"><img decoding=\"async\" border=\"0\" src=\"https:\/\/blogger.googleusercontent.com\/img\/b\/R29vZ2xl\/AVvXsEicNTuUVyuSgHOzgipg7t1iSvgnWiykpRjVn8Aa4hZZ7VZgNIANjPt_xXBVqnvX5OyRkRASF7masIEk4sxdJNhejEXtY9JDXyA0gJqPh49lLrvtAKot-P2vXuesqrXnibM-WVs\/s1600\/4_images.jpg\" \/><\/a><\/div>\n<p>si vous suivez un peu la mode avec un grand M, c&rsquo;est-\u00e0-dire celle des designers qui poussent toujours plus loin leur imaginaire, vous aurez sans doute remarqu\u00e9 que parfois, il y a des sp\u00e9cimens qui se d\u00e9tachent du lot. <a href=\"http:\/\/www.gaite-lyrique.net\/evenement\/arrrgh-l-exposition\" target=\"_blank\">l&rsquo;exposition \u00abarrrgh\u00bb<\/a>, \u00e0 paris, en ce moment, pr\u00e9sente ces v\u00eatements qui prennent l&rsquo;humain pour un personnage de bd, un avatar, etc. bref, quelqu&rsquo;un qui a (en grande partie) perdu de son humanit\u00e9.<\/p>\n<p>ici, oubliez le c\u00f4t\u00e9 pratique, votre s\u00e9curit\u00e9 dans certains cas, tellement ces v\u00eatements n&rsquo;ont pas grand-chose en rapport avec nous et avec nos vies. malgr\u00e9 tout, il est int\u00e9ressant de voir toute cette cr\u00e9ativit\u00e9 d\u00e9ploy\u00e9e. \u00e7a m&rsquo;a fait sourire bien s\u00fbr, mais remarquez que souvent, un tr\u00e8s minime d\u00e9tail d&rsquo;une de ces id\u00e9es, un clin d&rsquo;oeil, se retrouve dans nos v\u00eatements: une fa\u00e7on de faire un pli, ou de donner du volume. les mat\u00e9riaux changent constamment dans ce domaine et ils sont plusieurs \u00e0 explorer la fa\u00e7on de travailler ces nouvelles \u00abfibres\u00bb.<\/p>\n<p>on en parle <a href=\"http:\/\/www.pixelcreation.fr\/graphismeart-design\/design-architecture\/arrrgh\/\" target=\"_blank\">sur plusieurs sites<\/a>.<\/p>\n<p><\/p>\n","protected":false},"excerpt":{"rendered":"<p>si vous suivez un peu la mode avec un grand M, c&rsquo;est-\u00e0-dire celle des designers qui poussent toujours plus loin leur imaginaire, vous aurez sans doute remarqu\u00e9 que parfois, il y a des sp\u00e9cimens qui se d\u00e9tachent du lot. l&rsquo;exposition \u00abarrrgh\u00bb, \u00e0 paris, en ce moment, pr\u00e9sente ces v\u00eatements qui prennent l&rsquo;humain pour un personnage de bd, un avatar, etc. bref, quelqu&rsquo;un qui a (en grande partie) perdu de son humanit\u00e9. ici, oubliez le c\u00f4t\u00e9 pratique, votre s\u00e9curit\u00e9 dans certains cas, tellement ces v\u00eatements n&rsquo;ont pas grand-chose en rapport avec nous et avec nos vies. malgr\u00e9 tout, il est int\u00e9ressant de voir toute cette cr\u00e9ativit\u00e9 d\u00e9ploy\u00e9e. \u00e7a m&rsquo;a fait sourire bien s\u00fbr, mais remarquez que souvent, un tr\u00e8s minime d\u00e9tail d&rsquo;une de ces id\u00e9es, un clin d&rsquo;oeil, se retrouve dans nos v\u00eatements: une fa\u00e7on de faire un pli, ou de donner du volume. les mat\u00e9riaux changent constamment dans ce domaine et ils sont plusieurs \u00e0 explorer la fa\u00e7on de travailler ces nouvelles \u00abfibres\u00bb. on en parle sur plusieurs sites.<\/p>\n","protected":false},"author":1,"featured_media":0,"comment_status":"open","ping_status":"open","sticky":false,"template":"","format":"standard","meta":{"footnotes":""},"categories":[6,3],"tags":[],"class_list":["post-2075","post","type-post","status-publish","format-standard","hentry","category-air-du-temps","category-creativite"],"acf":[],"_links":{"self":[{"href":"https:\/\/gycouture.com\/blogue\/index.php?rest_route=\/wp\/v2\/posts\/2075","targetHints":{"allow":["GET"]}}],"collection":[{"href":"https:\/\/gycouture.com\/blogue\/index.php?rest_route=\/wp\/v2\/posts"}],"about":[{"href":"https:\/\/gycouture.com\/blogue\/index.php?rest_route=\/wp\/v2\/types\/post"}],"author":[{"embeddable":true,"href":"https:\/\/gycouture.com\/blogue\/index.php?rest_route=\/wp\/v2\/users\/1"}],"replies":[{"embeddable":true,"href":"https:\/\/gycouture.com\/blogue\/index.php?rest_route=%2Fwp%2Fv2%2Fcomments&post=2075"}],"version-history":[{"count":0,"href":"https:\/\/gycouture.com\/blogue\/index.php?rest_route=\/wp\/v2\/posts\/2075\/revisions"}],"wp:attachment":[{"href":"https:\/\/gycouture.com\/blogue\/index.php?rest_route=%2Fwp%2Fv2%2Fmedia&parent=2075"}],"wp:term":[{"taxonomy":"category","embeddable":true,"href":"https:\/\/gycouture.com\/blogue\/index.php?rest_route=%2Fwp%2Fv2%2Fcategories&post=2075"},{"taxonomy":"post_tag","embeddable":true,"href":"https:\/\/gycouture.com\/blogue\/index.php?rest_route=%2Fwp%2Fv2%2Ftags&post=2075"}],"curies":[{"name":"wp","href":"https:\/\/api.w.org\/{rel}","templated":true}]}}