{"id":2055,"date":"2013-04-07T14:26:00","date_gmt":"2013-04-07T14:26:00","guid":{"rendered":"https:\/\/gycouture.com\/blogue\/index.php\/2013\/04\/07\/je-recommence-ou-je-continue-cest-selon\/"},"modified":"2013-04-07T14:26:00","modified_gmt":"2013-04-07T14:26:00","slug":"je-recommence-ou-je-continue-cest-selon","status":"publish","type":"post","link":"https:\/\/gycouture.com\/blogue\/?p=2055","title":{"rendered":"je recommence ou je continue, c&rsquo;est selon"},"content":{"rendered":"<div style=\"clear: both; text-align: center;\"><a href=\"https:\/\/blogger.googleusercontent.com\/img\/b\/R29vZ2xl\/AVvXsEhvTGdfgJ7w0S37XzU9GoCpVe4fTqscKRU5oxS6fzhoBvMUTDzEuehI3ULU9rwdM9rMdy5PEn1MMcbD_Z2IaZEJlklj9x5-4SCNZdwI2BT6dcez-Xv_cUDv72RlU7pWmpKMzC4\/s1600\/2_images.jpg\" style=\"margin-left: 1em; margin-right: 1em;\"><img decoding=\"async\" border=\"0\" src=\"https:\/\/blogger.googleusercontent.com\/img\/b\/R29vZ2xl\/AVvXsEhvTGdfgJ7w0S37XzU9GoCpVe4fTqscKRU5oxS6fzhoBvMUTDzEuehI3ULU9rwdM9rMdy5PEn1MMcbD_Z2IaZEJlklj9x5-4SCNZdwI2BT6dcez-Xv_cUDv72RlU7pWmpKMzC4\/s1600\/2_images.jpg\" \/><\/a><\/div>\n<p>\ndisons que l&rsquo;ann\u00e9e a commenc\u00e9 mollement. je n&rsquo;ai pas fait grand-chose de cr\u00e9atif. je terminais un livre qui ne fonctionnait pas vraiment et j&rsquo;ai surtout pass\u00e9 mon temps d&rsquo;atelier \u00e0 pr\u00e9parer l&rsquo;envoi de mes livres ou \u00e0 pr\u00e9parer des appels de dossiers pour des expos. ajoutez \u00e0 \u00e7a la recherche et finalement l&rsquo;installation d&rsquo;un nouvel atelier, d\u00e9faire les boites, replacer le tout. j&rsquo;ai vraiment recommenc\u00e9 hier en fait. <\/p>\n<p>un apr\u00e8s-midi \u00e0 faire des collages de cahier, qui appara\u00eetront tranquillement <a href=\"http:\/\/www.flickr.com\/photos\/gycouture\/8628064146\/in\/photostream\/\" target=\"_blank\">dans ma page flickr<\/a>. j&rsquo;ai aussi termin\u00e9 la cr\u00e9ation de quelques objets papier qui prendront la route postale bient\u00f4t. l\u00e0 aussi, j&rsquo;avais d\u00e9laiss\u00e9 mes quelques amis d&rsquo;art postal ou d&rsquo;\u00e9changes cr\u00e9atifs&#8230;<\/p>\n<p>j&rsquo;ai commenc\u00e9 un nouveau zine aussi. toutes les pi\u00e8ces ont \u00e9t\u00e9 r\u00e9unies vendredi, num\u00e9ris\u00e9es hier, la cr\u00e9ation\/mise en page arrivera sous peu. histoire \u00e0 suivre.<\/p>\n<div style=\"clear: both; text-align: center;\"><a href=\"https:\/\/blogger.googleusercontent.com\/img\/b\/R29vZ2xl\/AVvXsEjs2fMMd58l69oKnIjRqB3XGWqeCVXKuuQEqElX7TholL_uQoExp2_YM-WvhXLQaSJmKP2GSv5P6HKyxfkwmQbzwC0RByqyZvsEloj2KV8OLu0wjZAHw7YT-GgKtBtdZlMxYl8\/s1600\/zine.jpg\" style=\"margin-left: 1em; margin-right: 1em;\"><img decoding=\"async\" border=\"0\" src=\"https:\/\/blogger.googleusercontent.com\/img\/b\/R29vZ2xl\/AVvXsEjs2fMMd58l69oKnIjRqB3XGWqeCVXKuuQEqElX7TholL_uQoExp2_YM-WvhXLQaSJmKP2GSv5P6HKyxfkwmQbzwC0RByqyZvsEloj2KV8OLu0wjZAHw7YT-GgKtBtdZlMxYl8\/s1600\/zine.jpg\" \/><\/a><\/div>\n<p>\nbref, \u00e0 l&rsquo;atelier, le caf\u00e9 \u00e9tait bon et l&rsquo;\u00e9lan cr\u00e9atif aussi. tout cela m&rsquo;a bien rassur\u00e9.<\/p>\n","protected":false},"excerpt":{"rendered":"<p>disons que l&rsquo;ann\u00e9e a commenc\u00e9 mollement. je n&rsquo;ai pas fait grand-chose de cr\u00e9atif. je terminais un livre qui ne fonctionnait pas vraiment et j&rsquo;ai surtout pass\u00e9 mon temps d&rsquo;atelier \u00e0 pr\u00e9parer l&rsquo;envoi de mes livres ou \u00e0 pr\u00e9parer des appels de dossiers pour des expos. ajoutez \u00e0 \u00e7a la recherche et finalement l&rsquo;installation d&rsquo;un nouvel atelier, d\u00e9faire les boites, replacer le tout. j&rsquo;ai vraiment recommenc\u00e9 hier en fait. un apr\u00e8s-midi \u00e0 faire des collages de cahier, qui appara\u00eetront tranquillement dans ma page flickr. j&rsquo;ai aussi termin\u00e9 la cr\u00e9ation de quelques objets papier qui prendront la route postale bient\u00f4t. l\u00e0 aussi, j&rsquo;avais d\u00e9laiss\u00e9 mes quelques amis d&rsquo;art postal ou d&rsquo;\u00e9changes cr\u00e9atifs&#8230; j&rsquo;ai commenc\u00e9 un nouveau zine aussi. toutes les pi\u00e8ces ont \u00e9t\u00e9 r\u00e9unies vendredi, num\u00e9ris\u00e9es hier, la cr\u00e9ation\/mise en page arrivera sous peu. histoire \u00e0 suivre. bref, \u00e0 l&rsquo;atelier, le caf\u00e9 \u00e9tait bon et l&rsquo;\u00e9lan cr\u00e9atif aussi. tout cela m&rsquo;a bien rassur\u00e9.<\/p>\n","protected":false},"author":1,"featured_media":0,"comment_status":"open","ping_status":"open","sticky":false,"template":"","format":"standard","meta":{"footnotes":""},"categories":[6,3,4],"tags":[],"class_list":["post-2055","post","type-post","status-publish","format-standard","hentry","category-air-du-temps","category-creativite","category-mes-projets"],"acf":[],"_links":{"self":[{"href":"https:\/\/gycouture.com\/blogue\/index.php?rest_route=\/wp\/v2\/posts\/2055","targetHints":{"allow":["GET"]}}],"collection":[{"href":"https:\/\/gycouture.com\/blogue\/index.php?rest_route=\/wp\/v2\/posts"}],"about":[{"href":"https:\/\/gycouture.com\/blogue\/index.php?rest_route=\/wp\/v2\/types\/post"}],"author":[{"embeddable":true,"href":"https:\/\/gycouture.com\/blogue\/index.php?rest_route=\/wp\/v2\/users\/1"}],"replies":[{"embeddable":true,"href":"https:\/\/gycouture.com\/blogue\/index.php?rest_route=%2Fwp%2Fv2%2Fcomments&post=2055"}],"version-history":[{"count":0,"href":"https:\/\/gycouture.com\/blogue\/index.php?rest_route=\/wp\/v2\/posts\/2055\/revisions"}],"wp:attachment":[{"href":"https:\/\/gycouture.com\/blogue\/index.php?rest_route=%2Fwp%2Fv2%2Fmedia&parent=2055"}],"wp:term":[{"taxonomy":"category","embeddable":true,"href":"https:\/\/gycouture.com\/blogue\/index.php?rest_route=%2Fwp%2Fv2%2Fcategories&post=2055"},{"taxonomy":"post_tag","embeddable":true,"href":"https:\/\/gycouture.com\/blogue\/index.php?rest_route=%2Fwp%2Fv2%2Ftags&post=2055"}],"curies":[{"name":"wp","href":"https:\/\/api.w.org\/{rel}","templated":true}]}}