{"id":2019,"date":"2013-06-16T14:01:00","date_gmt":"2013-06-16T14:01:00","guid":{"rendered":"https:\/\/gycouture.com\/blogue\/index.php\/2013\/06\/16\/hommage-aux-papas-creatifs\/"},"modified":"2013-06-16T14:01:00","modified_gmt":"2013-06-16T14:01:00","slug":"hommage-aux-papas-creatifs","status":"publish","type":"post","link":"https:\/\/gycouture.com\/blogue\/?p=2019","title":{"rendered":"hommage aux papas cr\u00e9atifs!"},"content":{"rendered":"<div style=\"clear: both; text-align: center;\"><a href=\"https:\/\/blogger.googleusercontent.com\/img\/b\/R29vZ2xl\/AVvXsEgTA65KVzWmRPyFWtLX_e2uCEgN3avpDrfh27GcA86hFy5Z1gF4yX9bNQi5pJ7_3yWECN-pJvL3xEeRymNnSWNpMxFdzvwqwXdBpnOl43DHjeP0eru9fTuWA8KpFhTgRXARGss\/s1600\/david.jpg\" style=\"margin-left: 1em; margin-right: 1em;\"><img decoding=\"async\" border=\"0\" src=\"https:\/\/blogger.googleusercontent.com\/img\/b\/R29vZ2xl\/AVvXsEgTA65KVzWmRPyFWtLX_e2uCEgN3avpDrfh27GcA86hFy5Z1gF4yX9bNQi5pJ7_3yWECN-pJvL3xEeRymNnSWNpMxFdzvwqwXdBpnOl43DHjeP0eru9fTuWA8KpFhTgRXARGss\/s1600\/david.jpg\" \/><\/a><\/div>\n<p>\nvous l&rsquo;avez peut-\u00eatre vu passer. moi j&rsquo;ai d\u00e9cid\u00e9 d&rsquo;en parler aujourd&rsquo;hui parce que c&rsquo;est un bel hommage aux papas cr\u00e9atifs.<\/p>\n<p><a href=\"http:\/\/drlaferriere.com\/\" target=\"_blank\">david laferriere<\/a>, illustrateur et designer am\u00e9ricain, s&rsquo;est mis \u00e0 faire des dessins sur les sacs \u00e0 sandwich de ses deux enfants. ces derniers d\u00e9couvraient la cr\u00e9ation du jour une fois arriv\u00e9 \u00e0 l&rsquo;\u00e9cole. <\/p>\n<p>imaginez, tous les matins une petite cr\u00e9ation \u00absandwich\u00bb! <a href=\"http:\/\/www.flickr.com\/photos\/dlaferriere\" target=\"_blank\">on peut voir quantit\u00e9 de ses sacs ici<\/a> et <a href=\"http:\/\/blog.flickr.net\/en\/2013\/04\/19\/dad-illustrates-kids-sandwich-bags-with-imaginative-drawings\/\" target=\"_blank\">il en raconte l&rsquo;histoire ici<\/a>.<\/p>\n<p>via <a href=\"http:\/\/designyoutrust.com\/2013\/05\/sandwich-art-by-david-laferriere\/\" target=\"_blank\">design you trust<\/a> <\/p>\n<p>bonne f\u00eate \u00e0 tous les papas!<\/p>\n","protected":false},"excerpt":{"rendered":"<p>vous l&rsquo;avez peut-\u00eatre vu passer. moi j&rsquo;ai d\u00e9cid\u00e9 d&rsquo;en parler aujourd&rsquo;hui parce que c&rsquo;est un bel hommage aux papas cr\u00e9atifs. david laferriere, illustrateur et designer am\u00e9ricain, s&rsquo;est mis \u00e0 faire des dessins sur les sacs \u00e0 sandwich de ses deux enfants. ces derniers d\u00e9couvraient la cr\u00e9ation du jour une fois arriv\u00e9 \u00e0 l&rsquo;\u00e9cole. imaginez, tous les matins une petite cr\u00e9ation \u00absandwich\u00bb! on peut voir quantit\u00e9 de ses sacs ici et il en raconte l&rsquo;histoire ici. via design you trust bonne f\u00eate \u00e0 tous les papas!<\/p>\n","protected":false},"author":1,"featured_media":0,"comment_status":"open","ping_status":"open","sticky":false,"template":"","format":"standard","meta":{"footnotes":""},"categories":[6,5,3,9],"tags":[],"class_list":["post-2019","post","type-post","status-publish","format-standard","hentry","category-air-du-temps","category-artistique","category-creativite","category-sourire"],"acf":[],"_links":{"self":[{"href":"https:\/\/gycouture.com\/blogue\/index.php?rest_route=\/wp\/v2\/posts\/2019","targetHints":{"allow":["GET"]}}],"collection":[{"href":"https:\/\/gycouture.com\/blogue\/index.php?rest_route=\/wp\/v2\/posts"}],"about":[{"href":"https:\/\/gycouture.com\/blogue\/index.php?rest_route=\/wp\/v2\/types\/post"}],"author":[{"embeddable":true,"href":"https:\/\/gycouture.com\/blogue\/index.php?rest_route=\/wp\/v2\/users\/1"}],"replies":[{"embeddable":true,"href":"https:\/\/gycouture.com\/blogue\/index.php?rest_route=%2Fwp%2Fv2%2Fcomments&post=2019"}],"version-history":[{"count":0,"href":"https:\/\/gycouture.com\/blogue\/index.php?rest_route=\/wp\/v2\/posts\/2019\/revisions"}],"wp:attachment":[{"href":"https:\/\/gycouture.com\/blogue\/index.php?rest_route=%2Fwp%2Fv2%2Fmedia&parent=2019"}],"wp:term":[{"taxonomy":"category","embeddable":true,"href":"https:\/\/gycouture.com\/blogue\/index.php?rest_route=%2Fwp%2Fv2%2Fcategories&post=2019"},{"taxonomy":"post_tag","embeddable":true,"href":"https:\/\/gycouture.com\/blogue\/index.php?rest_route=%2Fwp%2Fv2%2Ftags&post=2019"}],"curies":[{"name":"wp","href":"https:\/\/api.w.org\/{rel}","templated":true}]}}