{"id":2014,"date":"2013-06-29T22:48:00","date_gmt":"2013-06-29T22:48:00","guid":{"rendered":"https:\/\/gycouture.com\/blogue\/index.php\/2013\/06\/29\/faire-parti-dun-collectif\/"},"modified":"2013-06-29T22:48:00","modified_gmt":"2013-06-29T22:48:00","slug":"faire-parti-dun-collectif","status":"publish","type":"post","link":"https:\/\/gycouture.com\/blogue\/?p=2014","title":{"rendered":"faire parti d&rsquo;un collectif&#8230;"},"content":{"rendered":"<div style=\"clear: both; text-align: center;\"><a href=\"https:\/\/blogger.googleusercontent.com\/img\/b\/R29vZ2xl\/AVvXsEhVTzAF-YGuJgAUsuHxroOppwqcfPhl0jPz8t1uk6KQRkoVeRVyeZ8519Nmch9JwSBiO55g2qzWJqK0SdZ1ckMb1Wx6nS9mY1TauGNVzTYofn9QR3db2lpW10NxoIlNEIlPM6Q\/s500\/crayons.jpg\" style=\"margin-left: 1em; margin-right: 1em;\"><img decoding=\"async\" border=\"0\" src=\"https:\/\/blogger.googleusercontent.com\/img\/b\/R29vZ2xl\/AVvXsEhVTzAF-YGuJgAUsuHxroOppwqcfPhl0jPz8t1uk6KQRkoVeRVyeZ8519Nmch9JwSBiO55g2qzWJqK0SdZ1ckMb1Wx6nS9mY1TauGNVzTYofn9QR3db2lpW10NxoIlNEIlPM6Q\/s1600\/crayons.jpg\" \/><\/a><\/div>\n<p>\npeut-\u00eatre parce que le besoin de partager se fait sentir, je viens de r\u00e9aliser qu&rsquo;il y a plusieurs personnes autour de moi sont membres de collectifs d&rsquo;artistes. quand on en parle, j&rsquo;entends que les exp\u00e9riences sont vari\u00e9es. <\/p>\n<p>je crois qu&rsquo;\u00e0 mon tour, j&rsquo;aimerais bien faire partie d&rsquo;un groupe, question d&rsquo;\u00e9changer un peu sur nos pratiques artistiques et de me sortir de l&rsquo;atelier. j&rsquo;imagine des rencontres de temps \u00e0 autre, des projets communs et sans doute quelques expos.<\/p>\n<p>comment cela fonctionne exactement? j&rsquo;aimerais bien avoir votre avis l\u00e0-dessus. comment trouver ces groupes? Quel genre de d\u00e9marche dois-je faire? dois-je penser \u00e0 en fonder un avec quelques amis?  si \u00e7a vous dit <a href=\"mailto:gycouture@gmail.com\">de partager avec moi<\/a>, ce que vous aurez \u00e0 m&rsquo;apprendre m&rsquo;int\u00e9resse. je songe \u00e0 faire cette d\u00e9marche pour septembre prochain.<\/p>\n","protected":false},"excerpt":{"rendered":"<p>peut-\u00eatre parce que le besoin de partager se fait sentir, je viens de r\u00e9aliser qu&rsquo;il y a plusieurs personnes autour de moi sont membres de collectifs d&rsquo;artistes. quand on en parle, j&rsquo;entends que les exp\u00e9riences sont vari\u00e9es. je crois qu&rsquo;\u00e0 mon tour, j&rsquo;aimerais bien faire partie d&rsquo;un groupe, question d&rsquo;\u00e9changer un peu sur nos pratiques artistiques et de me sortir de l&rsquo;atelier. j&rsquo;imagine des rencontres de temps \u00e0 autre, des projets communs et sans doute quelques expos. comment cela fonctionne exactement? j&rsquo;aimerais bien avoir votre avis l\u00e0-dessus. comment trouver ces groupes? Quel genre de d\u00e9marche dois-je faire? dois-je penser \u00e0 en fonder un avec quelques amis? si \u00e7a vous dit de partager avec moi, ce que vous aurez \u00e0 m&rsquo;apprendre m&rsquo;int\u00e9resse. je songe \u00e0 faire cette d\u00e9marche pour septembre prochain.<\/p>\n","protected":false},"author":1,"featured_media":0,"comment_status":"open","ping_status":"open","sticky":false,"template":"","format":"standard","meta":{"footnotes":""},"categories":[6,4,10],"tags":[],"class_list":["post-2014","post","type-post","status-publish","format-standard","hentry","category-air-du-temps","category-mes-projets","category-point-de-vue"],"acf":[],"_links":{"self":[{"href":"https:\/\/gycouture.com\/blogue\/index.php?rest_route=\/wp\/v2\/posts\/2014","targetHints":{"allow":["GET"]}}],"collection":[{"href":"https:\/\/gycouture.com\/blogue\/index.php?rest_route=\/wp\/v2\/posts"}],"about":[{"href":"https:\/\/gycouture.com\/blogue\/index.php?rest_route=\/wp\/v2\/types\/post"}],"author":[{"embeddable":true,"href":"https:\/\/gycouture.com\/blogue\/index.php?rest_route=\/wp\/v2\/users\/1"}],"replies":[{"embeddable":true,"href":"https:\/\/gycouture.com\/blogue\/index.php?rest_route=%2Fwp%2Fv2%2Fcomments&post=2014"}],"version-history":[{"count":0,"href":"https:\/\/gycouture.com\/blogue\/index.php?rest_route=\/wp\/v2\/posts\/2014\/revisions"}],"wp:attachment":[{"href":"https:\/\/gycouture.com\/blogue\/index.php?rest_route=%2Fwp%2Fv2%2Fmedia&parent=2014"}],"wp:term":[{"taxonomy":"category","embeddable":true,"href":"https:\/\/gycouture.com\/blogue\/index.php?rest_route=%2Fwp%2Fv2%2Fcategories&post=2014"},{"taxonomy":"post_tag","embeddable":true,"href":"https:\/\/gycouture.com\/blogue\/index.php?rest_route=%2Fwp%2Fv2%2Ftags&post=2014"}],"curies":[{"name":"wp","href":"https:\/\/api.w.org\/{rel}","templated":true}]}}