{"id":2005,"date":"2013-08-03T13:44:00","date_gmt":"2013-08-03T13:44:00","guid":{"rendered":"https:\/\/gycouture.com\/blogue\/index.php\/2013\/08\/03\/matin-creatif-a-montreal\/"},"modified":"2013-08-03T13:44:00","modified_gmt":"2013-08-03T13:44:00","slug":"matin-creatif-a-montreal","status":"publish","type":"post","link":"https:\/\/gycouture.com\/blogue\/?p=2005","title":{"rendered":"matin cr\u00e9atif \u00e0 montr\u00e9al"},"content":{"rendered":"<div style=\"clear: both; text-align: center;\"><a href=\"https:\/\/blogger.googleusercontent.com\/img\/b\/R29vZ2xl\/AVvXsEjaste3F7mshNF3g85iHx1LvtZXmxYF97VqgzrL-oRUBUU_SbYUOGEft14SSvC6R-k_UAw_GaTg7nb2JFh6s8P3anx0V8VtuE46ANN9JSkv_YtF3wiAsDUHR4mFPr_njIo_SO4\/s1600\/montreal.jpg\" style=\"margin-left: 1em; margin-right: 1em;\"><img decoding=\"async\" border=\"0\" src=\"https:\/\/blogger.googleusercontent.com\/img\/b\/R29vZ2xl\/AVvXsEjaste3F7mshNF3g85iHx1LvtZXmxYF97VqgzrL-oRUBUU_SbYUOGEft14SSvC6R-k_UAw_GaTg7nb2JFh6s8P3anx0V8VtuE46ANN9JSkv_YtF3wiAsDUHR4mFPr_njIo_SO4\/s1600\/montreal.jpg\" \/><\/a><\/div>\n<p>\n8h vendredi matin, j&rsquo;ai assist\u00e9 \u00e0 mon premier \u00abmatin cr\u00e9atif\u00bb. le mouvement \u00ab<a href=\"http:\/\/www.creativemornings.com\/\" target=\"_blank\">creative mornings<\/a>\u00bb cr\u00e9er par tina roth eisenberg \u00e0 new york, existe maintenant dans plus de 50 villes \u00e0 travers le monde. un matin par mois, une conf\u00e9rence d&rsquo;environ 30 minutes sur le th\u00e8me impos\u00e9 (partout le m\u00eame) dans un endroit en lien avec le sujet.<\/p>\n<p>celui d&rsquo;hier portait sur l&rsquo;espace et a eu lieu dans une salle du nouveau plan\u00e9tarium. endroit magnifique en passant. nous n&rsquo;\u00e9tions pas trop nombreux, juste assez, la conf\u00e9rence de claude g. th\u00e9or\u00eat a \u00e9t\u00e9 fort int\u00e9ressante. \u00e0 9h30, tout \u00e9tait d\u00e9j\u00e0 termin\u00e9.<br \/>\non peut voir <a href=\"http:\/\/www.flickr.com\/photos\/montrealcm\" target=\"_blank\">des photos de l&rsquo;\u00e9v\u00e9nement ici<\/a>.<\/p>\n<p>merci \u00e0 steve bissonnette et \u00e0 son \u00e9quipe pour l&rsquo;organisation, l&rsquo;animation et l&rsquo;ambiance tr\u00e8s conviviale de ces matins. \u00e0 mettre \u00e0 l&rsquo;agenda!<\/p>\n<p>toute l&rsquo;information sur ces <a href=\"http:\/\/creativemorningsmontreal.tumblr.com\/\" target=\"_blank\">matins cr\u00e9atifs \u00e0 montr\u00e9al ici<\/a>. toutes les conf\u00e9rences sont disponibles sur le site.<\/p>\n","protected":false},"excerpt":{"rendered":"<p>8h vendredi matin, j&rsquo;ai assist\u00e9 \u00e0 mon premier \u00abmatin cr\u00e9atif\u00bb. le mouvement \u00abcreative mornings\u00bb cr\u00e9er par tina roth eisenberg \u00e0 new york, existe maintenant dans plus de 50 villes \u00e0 travers le monde. un matin par mois, une conf\u00e9rence d&rsquo;environ 30 minutes sur le th\u00e8me impos\u00e9 (partout le m\u00eame) dans un endroit en lien avec le sujet. celui d&rsquo;hier portait sur l&rsquo;espace et a eu lieu dans une salle du nouveau plan\u00e9tarium. endroit magnifique en passant. nous n&rsquo;\u00e9tions pas trop nombreux, juste assez, la conf\u00e9rence de claude g. th\u00e9or\u00eat a \u00e9t\u00e9 fort int\u00e9ressante. \u00e0 9h30, tout \u00e9tait d\u00e9j\u00e0 termin\u00e9. on peut voir des photos de l&rsquo;\u00e9v\u00e9nement ici. merci \u00e0 steve bissonnette et \u00e0 son \u00e9quipe pour l&rsquo;organisation, l&rsquo;animation et l&rsquo;ambiance tr\u00e8s conviviale de ces matins. \u00e0 mettre \u00e0 l&rsquo;agenda! toute l&rsquo;information sur ces matins cr\u00e9atifs \u00e0 montr\u00e9al ici. toutes les conf\u00e9rences sont disponibles sur le site.<\/p>\n","protected":false},"author":1,"featured_media":0,"comment_status":"open","ping_status":"open","sticky":false,"template":"","format":"standard","meta":{"footnotes":""},"categories":[6,3,11],"tags":[],"class_list":["post-2005","post","type-post","status-publish","format-standard","hentry","category-air-du-temps","category-creativite","category-sorties"],"acf":[],"_links":{"self":[{"href":"https:\/\/gycouture.com\/blogue\/index.php?rest_route=\/wp\/v2\/posts\/2005","targetHints":{"allow":["GET"]}}],"collection":[{"href":"https:\/\/gycouture.com\/blogue\/index.php?rest_route=\/wp\/v2\/posts"}],"about":[{"href":"https:\/\/gycouture.com\/blogue\/index.php?rest_route=\/wp\/v2\/types\/post"}],"author":[{"embeddable":true,"href":"https:\/\/gycouture.com\/blogue\/index.php?rest_route=\/wp\/v2\/users\/1"}],"replies":[{"embeddable":true,"href":"https:\/\/gycouture.com\/blogue\/index.php?rest_route=%2Fwp%2Fv2%2Fcomments&post=2005"}],"version-history":[{"count":0,"href":"https:\/\/gycouture.com\/blogue\/index.php?rest_route=\/wp\/v2\/posts\/2005\/revisions"}],"wp:attachment":[{"href":"https:\/\/gycouture.com\/blogue\/index.php?rest_route=%2Fwp%2Fv2%2Fmedia&parent=2005"}],"wp:term":[{"taxonomy":"category","embeddable":true,"href":"https:\/\/gycouture.com\/blogue\/index.php?rest_route=%2Fwp%2Fv2%2Fcategories&post=2005"},{"taxonomy":"post_tag","embeddable":true,"href":"https:\/\/gycouture.com\/blogue\/index.php?rest_route=%2Fwp%2Fv2%2Ftags&post=2005"}],"curies":[{"name":"wp","href":"https:\/\/api.w.org\/{rel}","templated":true}]}}