{"id":1956,"date":"2013-11-24T15:10:00","date_gmt":"2013-11-24T15:10:00","guid":{"rendered":"https:\/\/gycouture.com\/blogue\/index.php\/2013\/11\/24\/latelier-sera-ouvert\/"},"modified":"2013-11-24T15:10:00","modified_gmt":"2013-11-24T15:10:00","slug":"latelier-sera-ouvert","status":"publish","type":"post","link":"https:\/\/gycouture.com\/blogue\/?p=1956","title":{"rendered":"l&rsquo;atelier sera ouvert!"},"content":{"rendered":"<div style=\"clear: both; text-align: center;\"><a href=\"https:\/\/blogger.googleusercontent.com\/img\/b\/R29vZ2xl\/AVvXsEiqstsuQbhYXz2ME0VofuxBM6327f1iJlH04omfXxS3EWdPLI22_1USy-98MaLyGYicppLrjYZ2qm9SVJAqLprWJlSPCVK2URNj97opPZVXQLBey1AeVYezAFWViTmfkIAB2so\/s1600\/atelier211_noel.jpg\" style=\"margin-left: 1em; margin-right: 1em;\"><img decoding=\"async\" border=\"0\" src=\"https:\/\/blogger.googleusercontent.com\/img\/b\/R29vZ2xl\/AVvXsEiqstsuQbhYXz2ME0VofuxBM6327f1iJlH04omfXxS3EWdPLI22_1USy-98MaLyGYicppLrjYZ2qm9SVJAqLprWJlSPCVK2URNj97opPZVXQLBey1AeVYezAFWViTmfkIAB2so\/s1600\/atelier211_noel.jpg\" \/><\/a><\/div>\n<p>\nmon coloc d&rsquo;atelier, christian giraldeau, et moi-m\u00eame ouvrirons les portes de notre petit atelier samedi prochain, le 30 novembre, de midi \u00e0 5h. <\/p>\n<p>venez faire un tour. caf\u00e9, th\u00e9, biscuits et conversations sur la cr\u00e9ativit\u00e9 au sens large. nous ouvrirons nos carnets et sortirons nos productions diverses pour l\u2019occasion. <\/p>\n<p>peut-\u00eatre trouverez-vous quelques cadeaux pour ceux et celles que vous voulez g\u00e2ter!<\/p>\n<p>nous sommes au <a href=\"http:\/\/goo.gl\/maps\/NFtnb\" target=\"_blank\">5795, rue de gasp\u00e9, atelier 211<\/a>.<br \/>\n(presque sous le viaduc van horne, acc\u00e8s par la rue de bellechasse ou le m\u00e9tro rosemont)<\/p>\n<p><\/p>\n","protected":false},"excerpt":{"rendered":"<p>mon coloc d&rsquo;atelier, christian giraldeau, et moi-m\u00eame ouvrirons les portes de notre petit atelier samedi prochain, le 30 novembre, de midi \u00e0 5h. venez faire un tour. caf\u00e9, th\u00e9, biscuits et conversations sur la cr\u00e9ativit\u00e9 au sens large. nous ouvrirons nos carnets et sortirons nos productions diverses pour l\u2019occasion. peut-\u00eatre trouverez-vous quelques cadeaux pour ceux et celles que vous voulez g\u00e2ter! nous sommes au 5795, rue de gasp\u00e9, atelier 211. (presque sous le viaduc van horne, acc\u00e8s par la rue de bellechasse ou le m\u00e9tro rosemont)<\/p>\n","protected":false},"author":1,"featured_media":0,"comment_status":"open","ping_status":"open","sticky":false,"template":"","format":"standard","meta":{"footnotes":""},"categories":[6,4,11],"tags":[],"class_list":["post-1956","post","type-post","status-publish","format-standard","hentry","category-air-du-temps","category-mes-projets","category-sorties"],"acf":[],"_links":{"self":[{"href":"https:\/\/gycouture.com\/blogue\/index.php?rest_route=\/wp\/v2\/posts\/1956","targetHints":{"allow":["GET"]}}],"collection":[{"href":"https:\/\/gycouture.com\/blogue\/index.php?rest_route=\/wp\/v2\/posts"}],"about":[{"href":"https:\/\/gycouture.com\/blogue\/index.php?rest_route=\/wp\/v2\/types\/post"}],"author":[{"embeddable":true,"href":"https:\/\/gycouture.com\/blogue\/index.php?rest_route=\/wp\/v2\/users\/1"}],"replies":[{"embeddable":true,"href":"https:\/\/gycouture.com\/blogue\/index.php?rest_route=%2Fwp%2Fv2%2Fcomments&post=1956"}],"version-history":[{"count":0,"href":"https:\/\/gycouture.com\/blogue\/index.php?rest_route=\/wp\/v2\/posts\/1956\/revisions"}],"wp:attachment":[{"href":"https:\/\/gycouture.com\/blogue\/index.php?rest_route=%2Fwp%2Fv2%2Fmedia&parent=1956"}],"wp:term":[{"taxonomy":"category","embeddable":true,"href":"https:\/\/gycouture.com\/blogue\/index.php?rest_route=%2Fwp%2Fv2%2Fcategories&post=1956"},{"taxonomy":"post_tag","embeddable":true,"href":"https:\/\/gycouture.com\/blogue\/index.php?rest_route=%2Fwp%2Fv2%2Ftags&post=1956"}],"curies":[{"name":"wp","href":"https:\/\/api.w.org\/{rel}","templated":true}]}}