{"id":1952,"date":"2013-12-01T23:14:00","date_gmt":"2013-12-01T23:14:00","guid":{"rendered":"https:\/\/gycouture.com\/blogue\/index.php\/2013\/12\/01\/calendrier-de-lavent-ca-aussi-ca-change\/"},"modified":"2013-12-01T23:14:00","modified_gmt":"2013-12-01T23:14:00","slug":"calendrier-de-lavent-ca-aussi-ca-change","status":"publish","type":"post","link":"https:\/\/gycouture.com\/blogue\/?p=1952","title":{"rendered":"calendrier de l&rsquo;avent&#8230; \u00e7a aussi \u00e7a change"},"content":{"rendered":"<div style=\"clear: both; text-align: center;\"><a href=\"https:\/\/blogger.googleusercontent.com\/img\/b\/R29vZ2xl\/AVvXsEjgvzSO5Vu_nfKntik1vS9jkZZFlBcfMRV-NjK5No-lyenjczZ3R5t9aRKzM06Th2hcpupGBioYR0SFEtiwKW3o8yio1CS0XXen5eyeM9vUM_vZuT9A4CP-KpeUJ9AlpXuVKGY\/s1600\/meb.jpg\" style=\"margin-left: 1em; margin-right: 1em;\"><img decoding=\"async\" border=\"0\" src=\"https:\/\/blogger.googleusercontent.com\/img\/b\/R29vZ2xl\/AVvXsEjgvzSO5Vu_nfKntik1vS9jkZZFlBcfMRV-NjK5No-lyenjczZ3R5t9aRKzM06Th2hcpupGBioYR0SFEtiwKW3o8yio1CS0XXen5eyeM9vUM_vZuT9A4CP-KpeUJ9AlpXuVKGY\/s1600\/meb.jpg\" \/><\/a><\/div>\n<p>\nj&rsquo;adore les calendriers de l&rsquo;avent. c&rsquo;est un \u00abfeel good\u00bb qui me ram\u00e8ne \u00e0 l&rsquo;enfance. je crois que ma m\u00e8re aimait \u00e7a autant que nous, sinon plus. je me souviens qu&rsquo;elle nous en achetait un dans une grande librairie de sherbrooke. les calendriers venaient toujours d&rsquo;europe et on ouvrait notre petite porte \u00e0 tous les jours.<\/p>\n<p>j&rsquo;ai repris l&rsquo;id\u00e9e depuis quelques ann\u00e9es et comme mentionn\u00e9 sur ce blogue, j&rsquo;arrivais \u00e0 m&rsquo;en bricoler un chaque ann\u00e9e, sauf cette ann\u00e9e o\u00f9 je n&rsquo;ai pas trouv\u00e9 le temps. je me retrouve donc dans une grande libraire d&rsquo;ici pour me faire dire \u00abeh non, juste les images, nous n&rsquo;en avons pas\u00bb. maintenant les petites fen\u00eatres contiennent du chocolat, des jouets, bref, ceux avec des images n&rsquo;ont plus la cote. je vais chercher encore. je devrais pouvoir m&rsquo;en trouver un! si vous avez des suggestions&#8230;<\/p>\n<p>heureusement pour nous,  il y a les versions web! j&rsquo;en ai un \u00e0 vous proposer, <a href=\"http:\/\/www.chezmeb.com\/\" target=\"_blank\">celui de meb<\/a>, qui a commenc\u00e9 aujourd&rsquo;hui et qui nous surprendra agr\u00e9ablement tous les jours jusqu&rsquo;au 25. sa version un po\u00e8me\/une image est tr\u00e8s \u00abfeel good\u00bb elle aussi!<\/p>\n","protected":false},"excerpt":{"rendered":"<p>j&rsquo;adore les calendriers de l&rsquo;avent. c&rsquo;est un \u00abfeel good\u00bb qui me ram\u00e8ne \u00e0 l&rsquo;enfance. je crois que ma m\u00e8re aimait \u00e7a autant que nous, sinon plus. je me souviens qu&rsquo;elle nous en achetait un dans une grande librairie de sherbrooke. les calendriers venaient toujours d&rsquo;europe et on ouvrait notre petite porte \u00e0 tous les jours. j&rsquo;ai repris l&rsquo;id\u00e9e depuis quelques ann\u00e9es et comme mentionn\u00e9 sur ce blogue, j&rsquo;arrivais \u00e0 m&rsquo;en bricoler un chaque ann\u00e9e, sauf cette ann\u00e9e o\u00f9 je n&rsquo;ai pas trouv\u00e9 le temps. je me retrouve donc dans une grande libraire d&rsquo;ici pour me faire dire \u00abeh non, juste les images, nous n&rsquo;en avons pas\u00bb. maintenant les petites fen\u00eatres contiennent du chocolat, des jouets, bref, ceux avec des images n&rsquo;ont plus la cote. je vais chercher encore. je devrais pouvoir m&rsquo;en trouver un! si vous avez des suggestions&#8230; heureusement pour nous, il y a les versions web! j&rsquo;en ai un \u00e0 vous proposer, celui de meb, qui a commenc\u00e9 aujourd&rsquo;hui et qui nous surprendra agr\u00e9ablement tous les jours jusqu&rsquo;au 25. sa version un po\u00e8me\/une image est tr\u00e8s \u00abfeel good\u00bb elle aussi!<\/p>\n","protected":false},"author":1,"featured_media":0,"comment_status":"open","ping_status":"open","sticky":false,"template":"","format":"standard","meta":{"footnotes":""},"categories":[6,5,3,9],"tags":[],"class_list":["post-1952","post","type-post","status-publish","format-standard","hentry","category-air-du-temps","category-artistique","category-creativite","category-sourire"],"acf":[],"_links":{"self":[{"href":"https:\/\/gycouture.com\/blogue\/index.php?rest_route=\/wp\/v2\/posts\/1952","targetHints":{"allow":["GET"]}}],"collection":[{"href":"https:\/\/gycouture.com\/blogue\/index.php?rest_route=\/wp\/v2\/posts"}],"about":[{"href":"https:\/\/gycouture.com\/blogue\/index.php?rest_route=\/wp\/v2\/types\/post"}],"author":[{"embeddable":true,"href":"https:\/\/gycouture.com\/blogue\/index.php?rest_route=\/wp\/v2\/users\/1"}],"replies":[{"embeddable":true,"href":"https:\/\/gycouture.com\/blogue\/index.php?rest_route=%2Fwp%2Fv2%2Fcomments&post=1952"}],"version-history":[{"count":0,"href":"https:\/\/gycouture.com\/blogue\/index.php?rest_route=\/wp\/v2\/posts\/1952\/revisions"}],"wp:attachment":[{"href":"https:\/\/gycouture.com\/blogue\/index.php?rest_route=%2Fwp%2Fv2%2Fmedia&parent=1952"}],"wp:term":[{"taxonomy":"category","embeddable":true,"href":"https:\/\/gycouture.com\/blogue\/index.php?rest_route=%2Fwp%2Fv2%2Fcategories&post=1952"},{"taxonomy":"post_tag","embeddable":true,"href":"https:\/\/gycouture.com\/blogue\/index.php?rest_route=%2Fwp%2Fv2%2Ftags&post=1952"}],"curies":[{"name":"wp","href":"https:\/\/api.w.org\/{rel}","templated":true}]}}