{"id":1949,"date":"2013-12-06T14:46:00","date_gmt":"2013-12-06T14:46:00","guid":{"rendered":"https:\/\/gycouture.com\/blogue\/index.php\/2013\/12\/06\/je-fais-partie-de-lexposition-de-decembre-despace-projet\/"},"modified":"2013-12-06T14:46:00","modified_gmt":"2013-12-06T14:46:00","slug":"je-fais-partie-de-lexposition-de-decembre-despace-projet","status":"publish","type":"post","link":"https:\/\/gycouture.com\/blogue\/?p=1949","title":{"rendered":"je fais partie de l&rsquo;exposition de d\u00e9cembre d&rsquo;espace projet"},"content":{"rendered":"<div style=\"clear: both; text-align: center;\"><a href=\"https:\/\/blogger.googleusercontent.com\/img\/b\/R29vZ2xl\/AVvXsEg5JMcyvXWtqjm2NPKjhIQt-e-DXgXvJhLHJmzwb0QyEYbbETNXf3909R02bGk9mAbfcD2CkuS6isuwgVlSOYaef2umEty_qu6s63lLEh4GhLS9W5qNKJffglbuTlKMYHI763U\/s1600\/espace_.jpg\" style=\"margin-left: 1em; margin-right: 1em;\"><img decoding=\"async\" border=\"0\" src=\"https:\/\/blogger.googleusercontent.com\/img\/b\/R29vZ2xl\/AVvXsEg5JMcyvXWtqjm2NPKjhIQt-e-DXgXvJhLHJmzwb0QyEYbbETNXf3909R02bGk9mAbfcD2CkuS6isuwgVlSOYaef2umEty_qu6s63lLEh4GhLS9W5qNKJffglbuTlKMYHI763U\/s1600\/espace_.jpg\" \/><\/a><\/div>\n<p>\nmon dossier a \u00e9t\u00e9 accept\u00e9 pour faire partie de l&rsquo;exposition de d\u00e9cembre \u00e0 l&rsquo;<a href=\"http:\/\/www.espaceprojet.net\/\" target=\"_blank\">espace projet<\/a>, jeune galerie dans le quartier villeray. nous sommes quelques artistes, graphistes et designers \u00e0 vous proposer nos cr\u00e9ations. il s&rsquo;agit aussi d&rsquo;une activit\u00e9 de lev\u00e9e de fonds pour la galerie. vous y trouverez des lampes, meubles, gravures, etc. bref, de nombreux objets. une bien belle expo. mes items sont sur la table objets papier au sous-sol nomm\u00e9 \u00abmagasin\u00bb. allez faire un tour!<\/p>\n<p>l&rsquo;exposition se tiendra su 6 au 22 d\u00e9cembre. toute l&rsquo;information ici<\/p>\n<p>\u00abPour une deuxi\u00e8me ann\u00e9e, Espace Projet r\u00e9cidive avec une expo-vente pr\u00e9-temps des f\u00eates ! nous pr\u00e9senterons des \u0153uvres d\u2019art imprim\u00e9es (s\u00e9rigraphies, affiches, illustrations\u2026) et des petits objets de design (accessoires de cuisine, de jardinage, objets utilitaires pour la maison\u2026).  C\u2019est l\u2019occasion id\u00e9ale pour trouver des cadeaux uniques, faits par des artistes et des designers qu\u00e9b\u00e9cois, en plus d\u2019encourager la seule galerie d\u2019art \u00e0 but non lucratif de Villeray !\u00bb<\/p>\n","protected":false},"excerpt":{"rendered":"<p>mon dossier a \u00e9t\u00e9 accept\u00e9 pour faire partie de l&rsquo;exposition de d\u00e9cembre \u00e0 l&rsquo;espace projet, jeune galerie dans le quartier villeray. nous sommes quelques artistes, graphistes et designers \u00e0 vous proposer nos cr\u00e9ations. il s&rsquo;agit aussi d&rsquo;une activit\u00e9 de lev\u00e9e de fonds pour la galerie. vous y trouverez des lampes, meubles, gravures, etc. bref, de nombreux objets. une bien belle expo. mes items sont sur la table objets papier au sous-sol nomm\u00e9 \u00abmagasin\u00bb. allez faire un tour! l&rsquo;exposition se tiendra su 6 au 22 d\u00e9cembre. toute l&rsquo;information ici \u00abPour une deuxi\u00e8me ann\u00e9e, Espace Projet r\u00e9cidive avec une expo-vente pr\u00e9-temps des f\u00eates ! nous pr\u00e9senterons des \u0153uvres d\u2019art imprim\u00e9es (s\u00e9rigraphies, affiches, illustrations\u2026) et des petits objets de design (accessoires de cuisine, de jardinage, objets utilitaires pour la maison\u2026). C\u2019est l\u2019occasion id\u00e9ale pour trouver des cadeaux uniques, faits par des artistes et des designers qu\u00e9b\u00e9cois, en plus d\u2019encourager la seule galerie d\u2019art \u00e0 but non lucratif de Villeray !\u00bb<\/p>\n","protected":false},"author":1,"featured_media":0,"comment_status":"open","ping_status":"open","sticky":false,"template":"","format":"standard","meta":{"footnotes":""},"categories":[6,4],"tags":[],"class_list":["post-1949","post","type-post","status-publish","format-standard","hentry","category-air-du-temps","category-mes-projets"],"acf":[],"_links":{"self":[{"href":"https:\/\/gycouture.com\/blogue\/index.php?rest_route=\/wp\/v2\/posts\/1949","targetHints":{"allow":["GET"]}}],"collection":[{"href":"https:\/\/gycouture.com\/blogue\/index.php?rest_route=\/wp\/v2\/posts"}],"about":[{"href":"https:\/\/gycouture.com\/blogue\/index.php?rest_route=\/wp\/v2\/types\/post"}],"author":[{"embeddable":true,"href":"https:\/\/gycouture.com\/blogue\/index.php?rest_route=\/wp\/v2\/users\/1"}],"replies":[{"embeddable":true,"href":"https:\/\/gycouture.com\/blogue\/index.php?rest_route=%2Fwp%2Fv2%2Fcomments&post=1949"}],"version-history":[{"count":0,"href":"https:\/\/gycouture.com\/blogue\/index.php?rest_route=\/wp\/v2\/posts\/1949\/revisions"}],"wp:attachment":[{"href":"https:\/\/gycouture.com\/blogue\/index.php?rest_route=%2Fwp%2Fv2%2Fmedia&parent=1949"}],"wp:term":[{"taxonomy":"category","embeddable":true,"href":"https:\/\/gycouture.com\/blogue\/index.php?rest_route=%2Fwp%2Fv2%2Fcategories&post=1949"},{"taxonomy":"post_tag","embeddable":true,"href":"https:\/\/gycouture.com\/blogue\/index.php?rest_route=%2Fwp%2Fv2%2Ftags&post=1949"}],"curies":[{"name":"wp","href":"https:\/\/api.w.org\/{rel}","templated":true}]}}