{"id":1891,"date":"2014-04-16T21:44:00","date_gmt":"2014-04-16T21:44:00","guid":{"rendered":"https:\/\/gycouture.com\/blogue\/index.php\/2014\/04\/16\/deux-petites-nouvelles-pour-un-mercredi\/"},"modified":"2014-04-16T21:44:00","modified_gmt":"2014-04-16T21:44:00","slug":"deux-petites-nouvelles-pour-un-mercredi","status":"publish","type":"post","link":"https:\/\/gycouture.com\/blogue\/?p=1891","title":{"rendered":"deux petites nouvelles pour un mercredi"},"content":{"rendered":"<div style=\"clear: both; text-align: center;\"><a href=\"https:\/\/blogger.googleusercontent.com\/img\/b\/R29vZ2xl\/AVvXsEh0Yl1-y6TjzKlTzSBNqhITATpm1Gd3B3Ovwf34OTbDJ-G71RtEiRN2otPgqLEhKzIZ_hz7n30V9T5mOaFM7TM1CUW5Lzr_ceEYp0w9G1AwkE3CxdTdUbEpkyivr34_vZ0zL8I\/s1600\/2_images.jpg\" style=\"margin-left: 1em; margin-right: 1em;\"><img decoding=\"async\" border=\"0\" src=\"https:\/\/blogger.googleusercontent.com\/img\/b\/R29vZ2xl\/AVvXsEh0Yl1-y6TjzKlTzSBNqhITATpm1Gd3B3Ovwf34OTbDJ-G71RtEiRN2otPgqLEhKzIZ_hz7n30V9T5mOaFM7TM1CUW5Lzr_ceEYp0w9G1AwkE3CxdTdUbEpkyivr34_vZ0zL8I\/s1600\/2_images.jpg\" \/><\/a><\/div>\n<p>\npour (un peu) poursuivre  dans le monde de l&rsquo;\u00e9dition, j&rsquo;ai d\u00e9couvert le collectif blanc juste hier. Il s&rsquo;agit d&rsquo;un collectif montr\u00e9alais d&rsquo;artistes et de graphistes. voici la description de leur collectif <br \/>\n\u00abCollectif Blanc souhaite explorer et promouvoir les nouveaux territoires du design graphique et de l&rsquo;\u00e9dition imprim\u00e9s d&rsquo;ici et d&rsquo;ailleurs par le biais principalement du commissariat d&rsquo;\u00e9v\u00e8nements ponctuels, th\u00e9matiques et itin\u00e9rants, couronn\u00e9s d&rsquo;une grande exposition annuelle.\u00bb<\/p>\n<p>ils ont cr\u00e9\u00e9 un \u00e9v\u00e9nement au caf\u00e9 n\u00e9v\u00e9 rue rachel vendredi dernier. on peut <a href=\"http:\/\/baronmag.com\/2014\/04\/vernissage-du-collectif-blanc-au-cafe-neve\/cb2001-1-of-20\/#gallery\" target=\"_blank\">voir toutes les photos<\/a> sur le site de baronmag. bien dommage que j&rsquo;aie manqu\u00e9 \u00e7a&#8230; un <a href=\"http:\/\/fr.artfox.com\/job\/offers\/12451-exposition-pop-up-collectif-blanc-special-illustration\" target=\"_blank\">article plus complet<\/a> sur cette activit\u00e9 \u00e0 lire sur le lien.<\/p>\n<p>vous connaissez le design de surface? il s&rsquo;agit en fait de la cr\u00e9ation de motifs et d&rsquo;\u00e9l\u00e9ments de design qui sont imprim\u00e9s sur des produits, \u00e7a va du rideau de douche au couvre-lit en passant par la vaisselle et les v\u00eatements. le magazine uppercase (#21) en a fait le sujet principal de sa derni\u00e8re \u00e9dition. pour l&rsquo;avoir entre les mains, je peux vous dire qu&rsquo;il s&rsquo;agit d&rsquo;un num\u00e9ro exceptionnel et inspirant. Janine Vangool pr\u00e9sente une tr\u00e8s grande quantit\u00e9 de cr\u00e9atifs du domaine avec plusieurs exemples, r\u00e9f\u00e9rences, etc. une petite mine d&rsquo;or. <a href=\"http:\/\/uppercasemagazine.com\/\" target=\"_blank\">\u00e0 commander en ligne<\/a> car difficile de le trouver en librairie \u00e0 montr\u00e9al.<\/p>\n","protected":false},"excerpt":{"rendered":"<p>pour (un peu) poursuivre dans le monde de l&rsquo;\u00e9dition, j&rsquo;ai d\u00e9couvert le collectif blanc juste hier. Il s&rsquo;agit d&rsquo;un collectif montr\u00e9alais d&rsquo;artistes et de graphistes. voici la description de leur collectif \u00abCollectif Blanc souhaite explorer et promouvoir les nouveaux territoires du design graphique et de l&rsquo;\u00e9dition imprim\u00e9s d&rsquo;ici et d&rsquo;ailleurs par le biais principalement du commissariat d&rsquo;\u00e9v\u00e8nements ponctuels, th\u00e9matiques et itin\u00e9rants, couronn\u00e9s d&rsquo;une grande exposition annuelle.\u00bb ils ont cr\u00e9\u00e9 un \u00e9v\u00e9nement au caf\u00e9 n\u00e9v\u00e9 rue rachel vendredi dernier. on peut voir toutes les photos sur le site de baronmag. bien dommage que j&rsquo;aie manqu\u00e9 \u00e7a&#8230; un article plus complet sur cette activit\u00e9 \u00e0 lire sur le lien. vous connaissez le design de surface? il s&rsquo;agit en fait de la cr\u00e9ation de motifs et d&rsquo;\u00e9l\u00e9ments de design qui sont imprim\u00e9s sur des produits, \u00e7a va du rideau de douche au couvre-lit en passant par la vaisselle et les v\u00eatements. le magazine uppercase (#21) en a fait le sujet principal de sa derni\u00e8re \u00e9dition. pour l&rsquo;avoir entre les mains, je peux vous dire qu&rsquo;il s&rsquo;agit d&rsquo;un num\u00e9ro exceptionnel et inspirant. Janine Vangool pr\u00e9sente une tr\u00e8s grande quantit\u00e9 de cr\u00e9atifs du domaine avec plusieurs exemples, r\u00e9f\u00e9rences, etc. une petite mine d&rsquo;or. \u00e0 commander en ligne car difficile de le trouver en librairie \u00e0 montr\u00e9al.<\/p>\n","protected":false},"author":1,"featured_media":0,"comment_status":"open","ping_status":"open","sticky":false,"template":"","format":"standard","meta":{"footnotes":""},"categories":[6,5,3],"tags":[],"class_list":["post-1891","post","type-post","status-publish","format-standard","hentry","category-air-du-temps","category-artistique","category-creativite"],"acf":[],"_links":{"self":[{"href":"https:\/\/gycouture.com\/blogue\/index.php?rest_route=\/wp\/v2\/posts\/1891","targetHints":{"allow":["GET"]}}],"collection":[{"href":"https:\/\/gycouture.com\/blogue\/index.php?rest_route=\/wp\/v2\/posts"}],"about":[{"href":"https:\/\/gycouture.com\/blogue\/index.php?rest_route=\/wp\/v2\/types\/post"}],"author":[{"embeddable":true,"href":"https:\/\/gycouture.com\/blogue\/index.php?rest_route=\/wp\/v2\/users\/1"}],"replies":[{"embeddable":true,"href":"https:\/\/gycouture.com\/blogue\/index.php?rest_route=%2Fwp%2Fv2%2Fcomments&post=1891"}],"version-history":[{"count":0,"href":"https:\/\/gycouture.com\/blogue\/index.php?rest_route=\/wp\/v2\/posts\/1891\/revisions"}],"wp:attachment":[{"href":"https:\/\/gycouture.com\/blogue\/index.php?rest_route=%2Fwp%2Fv2%2Fmedia&parent=1891"}],"wp:term":[{"taxonomy":"category","embeddable":true,"href":"https:\/\/gycouture.com\/blogue\/index.php?rest_route=%2Fwp%2Fv2%2Fcategories&post=1891"},{"taxonomy":"post_tag","embeddable":true,"href":"https:\/\/gycouture.com\/blogue\/index.php?rest_route=%2Fwp%2Fv2%2Ftags&post=1891"}],"curies":[{"name":"wp","href":"https:\/\/api.w.org\/{rel}","templated":true}]}}