{"id":1831,"date":"2014-09-01T11:53:00","date_gmt":"2014-09-01T11:53:00","guid":{"rendered":"https:\/\/gycouture.com\/blogue\/index.php\/2014\/09\/01\/priere-de-communiquer-avec-moi\/"},"modified":"2014-09-01T11:53:00","modified_gmt":"2014-09-01T11:53:00","slug":"priere-de-communiquer-avec-moi","status":"publish","type":"post","link":"https:\/\/gycouture.com\/blogue\/?p=1831","title":{"rendered":"\u00abpri\u00e8re de communiquer avec moi\u00bb"},"content":{"rendered":"<div style=\"clear: both; text-align: center;\"><a href=\"https:\/\/blogger.googleusercontent.com\/img\/b\/R29vZ2xl\/AVvXsEhVV4sDBrBMmBefoXwxtpIdeI9F348Yt-UKZ7Fck9Kza9FQfBsRKXPA6qO6872J36c2KnG6y2pf89nGKR3b3GwLemh7QietBVziO06r8JOj_0pSQw8G1SD9xcAnVuVi77mImRo\/s1600\/blog_3.jpg\" style=\"margin-left: 1em; margin-right: 1em;\"><img decoding=\"async\" border=\"0\" src=\"https:\/\/blogger.googleusercontent.com\/img\/b\/R29vZ2xl\/AVvXsEhVV4sDBrBMmBefoXwxtpIdeI9F348Yt-UKZ7Fck9Kza9FQfBsRKXPA6qO6872J36c2KnG6y2pf89nGKR3b3GwLemh7QietBVziO06r8JOj_0pSQw8G1SD9xcAnVuVi77mImRo\/s1600\/blog_3.jpg\" \/><\/a><\/div>\n<p>\nvoici le titre de mon dernier livre d&rsquo;artiste. sur une grande base blanche, cinq livres de pri\u00e8res (format poche) sont d\u00e9pos\u00e9s. des fils les relient et chaque livre contient deux cartes de pri\u00e8res. devant, le visuel en impression manuelle et dessin. au dos, la pri\u00e8re \u00e0 lire dans un \u00e9cran de cellulaire accompagn\u00e9e de trac\u00e9s de doigt, inspir\u00e9 de ceux que l&rsquo;on fait sur un \u00e9cran.<\/p>\n<p>la d\u00e9marche de ce livre est \u00e9paisse comme \u00e7a! j&rsquo;en ai parl\u00e9 souvent sur ce blogue depuis plus d&rsquo;un an. beaucoup de pas, dans un sens et dans l&rsquo;autre, des essais, artistiques et pratico-pratiques. beaucoup de r\u00e9daction pour ensuite faire une synth\u00e8se de chaque id\u00e9e pour la transformer en pri\u00e8re. <\/p>\n<div style=\"clear: both; text-align: center;\"><a href=\"https:\/\/blogger.googleusercontent.com\/img\/b\/R29vZ2xl\/AVvXsEgMEByDEOAUakzDOrlGwJyRwgqmmCkW9GfgIh6a8tlsLDVQ9JdclVI0gkuS3h2cWuS4a7mgo89IFbHEoeYt7PZu-ruMKvXQxZPamRq4DBz88U31r7rCbl-vI8243UNFRm0yicI\/s1600\/blog_1.jpg\" style=\"margin-left: 1em; margin-right: 1em;\"><img decoding=\"async\" border=\"0\" src=\"https:\/\/blogger.googleusercontent.com\/img\/b\/R29vZ2xl\/AVvXsEgMEByDEOAUakzDOrlGwJyRwgqmmCkW9GfgIh6a8tlsLDVQ9JdclVI0gkuS3h2cWuS4a7mgo89IFbHEoeYt7PZu-ruMKvXQxZPamRq4DBz88U31r7rCbl-vI8243UNFRm0yicI\/s1600\/blog_1.jpg\" \/><\/a><\/div>\n<p>\nmon propos a pris forme \u00e0 partir de mes observations \u00e0 c\u00f4toyer tous les jours des gens captiv\u00e9s par leur \u00e9cran, ils jouent, regardent des photos, cherchent si quelqu&rsquo;un pense \u00e0 eux et \u00abtextent\u00bb quelque chose en retour. dans l&rsquo;anonymat des villes, les gens pensent que personne ne porte attention \u00e0 eux. c&rsquo;est surtout qu&rsquo;ils sont souvent compl\u00e8tement absents de ce qui se passe autour d&rsquo;eux. heureusement, ce n&rsquo;est pas tout le monde et un petit retour au savoir-vivre serait de retour apparemment. j&rsquo;ai trouv\u00e9 un article ce week-end o\u00f9 on \u00e9crivait \u00aborphelin de la relation concr\u00e8te\u00bb. c&rsquo;est sans doute un peu \u00e7a aussi.<\/p>\n<p>j\u2019ai tr\u00e8s h\u00e2te de voir les gens le consulter et d\u2019avoir leurs r\u00e9actions.<\/p>\n<p>le livre fera partie de la biennale \u00ab<a href=\"http:\/\/livresdartistesauportage.wordpress.com\/\" target=\"_blank\">livres d&rsquo;artistes au portage<\/a>\u00bb \u00e0 Notre-Dame-du-Portage, du 26 au 28 septembre prochain. un peu plus tard, il fera partie de l&rsquo;exposition \u00ab<a href=\"http:\/\/www.am-arts.com\/\" target=\"_blank\">d\u00e9lires de livres 2015<\/a>\u00bb organis\u00e9e par am&rsquo;arts \u00e0 chartres au printemps prochain.<\/p>\n<div style=\"clear: both; text-align: center;\"><a href=\"https:\/\/blogger.googleusercontent.com\/img\/b\/R29vZ2xl\/AVvXsEj4JjQ93G8uj6s1zJ4cb8qSQJvua3vDfNl4M7lqcA8A4-DKr2Vx_mN0C9dZ2KNV-5Nt3iHHUukbGPMEmOtHRHuweShbAzcaiSnjjRgQv7r7RCanTepaLpuHTFbKSC-oWnOqRbA\/s1600\/blogue_2.jpg\" style=\"margin-left: 1em; margin-right: 1em;\"><img decoding=\"async\" border=\"0\" src=\"https:\/\/blogger.googleusercontent.com\/img\/b\/R29vZ2xl\/AVvXsEj4JjQ93G8uj6s1zJ4cb8qSQJvua3vDfNl4M7lqcA8A4-DKr2Vx_mN0C9dZ2KNV-5Nt3iHHUukbGPMEmOtHRHuweShbAzcaiSnjjRgQv7r7RCanTepaLpuHTFbKSC-oWnOqRbA\/s1600\/blogue_2.jpg\" \/><\/a><\/div>\n","protected":false},"excerpt":{"rendered":"<p>voici le titre de mon dernier livre d&rsquo;artiste. sur une grande base blanche, cinq livres de pri\u00e8res (format poche) sont d\u00e9pos\u00e9s. des fils les relient et chaque livre contient deux cartes de pri\u00e8res. devant, le visuel en impression manuelle et dessin. au dos, la pri\u00e8re \u00e0 lire dans un \u00e9cran de cellulaire accompagn\u00e9e de trac\u00e9s de doigt, inspir\u00e9 de ceux que l&rsquo;on fait sur un \u00e9cran. la d\u00e9marche de ce livre est \u00e9paisse comme \u00e7a! j&rsquo;en ai parl\u00e9 souvent sur ce blogue depuis plus d&rsquo;un an. beaucoup de pas, dans un sens et dans l&rsquo;autre, des essais, artistiques et pratico-pratiques. beaucoup de r\u00e9daction pour ensuite faire une synth\u00e8se de chaque id\u00e9e pour la transformer en pri\u00e8re. mon propos a pris forme \u00e0 partir de mes observations \u00e0 c\u00f4toyer tous les jours des gens captiv\u00e9s par leur \u00e9cran, ils jouent, regardent des photos, cherchent si quelqu&rsquo;un pense \u00e0 eux et \u00abtextent\u00bb quelque chose en retour. dans l&rsquo;anonymat des villes, les gens pensent que personne ne porte attention \u00e0 eux. c&rsquo;est surtout qu&rsquo;ils sont souvent compl\u00e8tement absents de ce qui se passe autour d&rsquo;eux. heureusement, ce n&rsquo;est pas tout le monde et un petit retour au savoir-vivre serait de retour apparemment. j&rsquo;ai trouv\u00e9 un article ce week-end o\u00f9 on \u00e9crivait \u00aborphelin de la relation concr\u00e8te\u00bb. c&rsquo;est sans doute un peu \u00e7a aussi. j\u2019ai tr\u00e8s h\u00e2te de voir les gens le consulter et d\u2019avoir leurs r\u00e9actions. le livre fera partie de la biennale \u00ablivres d&rsquo;artistes au portage\u00bb \u00e0 Notre-Dame-du-Portage, du 26 au 28 septembre prochain. un peu plus tard, il fera partie de l&rsquo;exposition \u00abd\u00e9lires de livres 2015\u00bb organis\u00e9e par am&rsquo;arts \u00e0 chartres au printemps prochain.<\/p>\n","protected":false},"author":1,"featured_media":0,"comment_status":"open","ping_status":"open","sticky":false,"template":"","format":"standard","meta":{"footnotes":""},"categories":[5,3,7,4],"tags":[],"class_list":["post-1831","post","type-post","status-publish","format-standard","hentry","category-artistique","category-creativite","category-livres","category-mes-projets"],"acf":[],"_links":{"self":[{"href":"https:\/\/gycouture.com\/blogue\/index.php?rest_route=\/wp\/v2\/posts\/1831","targetHints":{"allow":["GET"]}}],"collection":[{"href":"https:\/\/gycouture.com\/blogue\/index.php?rest_route=\/wp\/v2\/posts"}],"about":[{"href":"https:\/\/gycouture.com\/blogue\/index.php?rest_route=\/wp\/v2\/types\/post"}],"author":[{"embeddable":true,"href":"https:\/\/gycouture.com\/blogue\/index.php?rest_route=\/wp\/v2\/users\/1"}],"replies":[{"embeddable":true,"href":"https:\/\/gycouture.com\/blogue\/index.php?rest_route=%2Fwp%2Fv2%2Fcomments&post=1831"}],"version-history":[{"count":0,"href":"https:\/\/gycouture.com\/blogue\/index.php?rest_route=\/wp\/v2\/posts\/1831\/revisions"}],"wp:attachment":[{"href":"https:\/\/gycouture.com\/blogue\/index.php?rest_route=%2Fwp%2Fv2%2Fmedia&parent=1831"}],"wp:term":[{"taxonomy":"category","embeddable":true,"href":"https:\/\/gycouture.com\/blogue\/index.php?rest_route=%2Fwp%2Fv2%2Fcategories&post=1831"},{"taxonomy":"post_tag","embeddable":true,"href":"https:\/\/gycouture.com\/blogue\/index.php?rest_route=%2Fwp%2Fv2%2Ftags&post=1831"}],"curies":[{"name":"wp","href":"https:\/\/api.w.org\/{rel}","templated":true}]}}