{"id":1823,"date":"2014-09-21T20:42:00","date_gmt":"2014-09-21T20:42:00","guid":{"rendered":"https:\/\/gycouture.com\/blogue\/index.php\/2014\/09\/21\/nouvelles-de-latelier\/"},"modified":"2014-09-21T20:42:00","modified_gmt":"2014-09-21T20:42:00","slug":"nouvelles-de-latelier","status":"publish","type":"post","link":"https:\/\/gycouture.com\/blogue\/?p=1823","title":{"rendered":"nouvelles de l&rsquo;atelier"},"content":{"rendered":"<div style=\"clear: both; text-align: center;\"><a href=\"https:\/\/blogger.googleusercontent.com\/img\/b\/R29vZ2xl\/AVvXsEjNYdMf_yViLviYmqS66EsGssXZBu-BJ1HRvTHI-8S9Cc0Ze2wIb1CAQAijjtIHE3f8EXPnnZlN6fGVlwrsoQytflrPuriZ_uZXxzO1lHeZd53l6uxX6pR43JxzExPoDTmOd0Y\/s1600\/tous.jpg\" style=\"margin-left: 1em; margin-right: 1em;\"><img decoding=\"async\" border=\"0\" src=\"https:\/\/blogger.googleusercontent.com\/img\/b\/R29vZ2xl\/AVvXsEjNYdMf_yViLviYmqS66EsGssXZBu-BJ1HRvTHI-8S9Cc0Ze2wIb1CAQAijjtIHE3f8EXPnnZlN6fGVlwrsoQytflrPuriZ_uZXxzO1lHeZd53l6uxX6pR43JxzExPoDTmOd0Y\/s1600\/tous.jpg\" \/><\/a><\/div>\n<p>\nce week-end j&rsquo;ai termin\u00e9 une nouvelle petite s\u00e9rie de cahiers pas blancs. la premi\u00e8re s\u00e9rie datait de quelques ann\u00e9es et elle \u00e9tait \u00e9puis\u00e9e depuis un bout de temps. <a href=\"http:\/\/gycoutureboutique.blogspot.ca\/2013\/01\/des-cahiers-pas-blancs.html#.VB81rih1ASd\" target=\"_blank\">cette nouvelle \u00e9dition<\/a> est maintenant disponible en ligne. <\/p>\n<p>par la m\u00eame occasion, j&rsquo;ai d\u00e9cid\u00e9 de vous offrir un sp\u00e9cial de la rentr\u00e9e (un peu tardif, je l&rsquo;avoue&#8230;) <a href=\"http:\/\/gycoutureboutique.blogspot.ca\/2014\/09\/un-special-de-la-rentree.html#.VB81ayh1ASc\" target=\"_blank\">allez jeter un coup d&rsquo;oeil<\/a>, deux cahiers pour 25$ (+ frais d&rsquo;envoi) jusqu&rsquo;au 15 octobre.<\/p>\n<div style=\"clear: both; text-align: center;\"><a href=\"https:\/\/blogger.googleusercontent.com\/img\/b\/R29vZ2xl\/AVvXsEjfik7lPU96feP9l7FsLbpY9SF5pY0kBjOffmMZMZ5QEk6ziAfo_5M6A1cNRgAfZ7LWIxVMRtSSwFYRjXsmgaRyyiFbJnwuvA1yuT4FMYK6Zu16bOzYRQqWi4xbZ8osfUz_LdA\/s1600\/cartes.jpg\" style=\"margin-left: 1em; margin-right: 1em;\"><img decoding=\"async\" border=\"0\" src=\"https:\/\/blogger.googleusercontent.com\/img\/b\/R29vZ2xl\/AVvXsEjfik7lPU96feP9l7FsLbpY9SF5pY0kBjOffmMZMZ5QEk6ziAfo_5M6A1cNRgAfZ7LWIxVMRtSSwFYRjXsmgaRyyiFbJnwuvA1yuT4FMYK6Zu16bOzYRQqWi4xbZ8osfUz_LdA\/s1600\/cartes.jpg\" \/><\/a><\/div>\n<p>\nj&rsquo;ai aussi pr\u00e9par\u00e9 une s\u00e9rie de nouvelles cartes \u00e0 distribuer aux visiteurs de la <a href=\"http:\/\/livresdartistesauportage.wordpress.com\/oeuvres\/\" target=\"_blank\">2e \u00e9dition de la biennale de livres d&rsquo;artiste au portage<\/a>, qui aura lieu le week-end prochain. il reste encore un morceau \u00e0 brocher \u00e0 ce que vous voyez.<\/p>\n<p>et finalement, j&rsquo;ai ajouter quelques photos suppl\u00e9mentaires de mon livre \u00abpri\u00e8re de communiquer avec moi\u00bb <a href=\"https:\/\/www.flickr.com\/photos\/gycouture\" target=\"_blank\">sur ma page flickr<\/a>.<\/p>\n","protected":false},"excerpt":{"rendered":"<p>ce week-end j&rsquo;ai termin\u00e9 une nouvelle petite s\u00e9rie de cahiers pas blancs. la premi\u00e8re s\u00e9rie datait de quelques ann\u00e9es et elle \u00e9tait \u00e9puis\u00e9e depuis un bout de temps. cette nouvelle \u00e9dition est maintenant disponible en ligne. par la m\u00eame occasion, j&rsquo;ai d\u00e9cid\u00e9 de vous offrir un sp\u00e9cial de la rentr\u00e9e (un peu tardif, je l&rsquo;avoue&#8230;) allez jeter un coup d&rsquo;oeil, deux cahiers pour 25$ (+ frais d&rsquo;envoi) jusqu&rsquo;au 15 octobre. j&rsquo;ai aussi pr\u00e9par\u00e9 une s\u00e9rie de nouvelles cartes \u00e0 distribuer aux visiteurs de la 2e \u00e9dition de la biennale de livres d&rsquo;artiste au portage, qui aura lieu le week-end prochain. il reste encore un morceau \u00e0 brocher \u00e0 ce que vous voyez. et finalement, j&rsquo;ai ajouter quelques photos suppl\u00e9mentaires de mon livre \u00abpri\u00e8re de communiquer avec moi\u00bb sur ma page flickr.<\/p>\n","protected":false},"author":1,"featured_media":0,"comment_status":"open","ping_status":"open","sticky":false,"template":"","format":"standard","meta":{"footnotes":""},"categories":[6,15,4],"tags":[],"class_list":["post-1823","post","type-post","status-publish","format-standard","hentry","category-air-du-temps","category-boutique-shop","category-mes-projets"],"acf":[],"_links":{"self":[{"href":"https:\/\/gycouture.com\/blogue\/index.php?rest_route=\/wp\/v2\/posts\/1823","targetHints":{"allow":["GET"]}}],"collection":[{"href":"https:\/\/gycouture.com\/blogue\/index.php?rest_route=\/wp\/v2\/posts"}],"about":[{"href":"https:\/\/gycouture.com\/blogue\/index.php?rest_route=\/wp\/v2\/types\/post"}],"author":[{"embeddable":true,"href":"https:\/\/gycouture.com\/blogue\/index.php?rest_route=\/wp\/v2\/users\/1"}],"replies":[{"embeddable":true,"href":"https:\/\/gycouture.com\/blogue\/index.php?rest_route=%2Fwp%2Fv2%2Fcomments&post=1823"}],"version-history":[{"count":0,"href":"https:\/\/gycouture.com\/blogue\/index.php?rest_route=\/wp\/v2\/posts\/1823\/revisions"}],"wp:attachment":[{"href":"https:\/\/gycouture.com\/blogue\/index.php?rest_route=%2Fwp%2Fv2%2Fmedia&parent=1823"}],"wp:term":[{"taxonomy":"category","embeddable":true,"href":"https:\/\/gycouture.com\/blogue\/index.php?rest_route=%2Fwp%2Fv2%2Fcategories&post=1823"},{"taxonomy":"post_tag","embeddable":true,"href":"https:\/\/gycouture.com\/blogue\/index.php?rest_route=%2Fwp%2Fv2%2Ftags&post=1823"}],"curies":[{"name":"wp","href":"https:\/\/api.w.org\/{rel}","templated":true}]}}