{"id":1526,"date":"2016-05-05T14:39:00","date_gmt":"2016-05-05T14:39:00","guid":{"rendered":"https:\/\/gycouture.com\/blogue\/index.php\/2016\/05\/05\/le-milan-de-carlo-stanga-2\/"},"modified":"2016-05-05T14:39:00","modified_gmt":"2016-05-05T14:39:00","slug":"le-milan-de-carlo-stanga-2","status":"publish","type":"post","link":"https:\/\/gycouture.com\/blogue\/?p=1526","title":{"rendered":"le milan de Carlo Stanga"},"content":{"rendered":"<div style=\"clear: both; text-align: center;\"><a href=\"https:\/\/blogger.googleusercontent.com\/img\/b\/R29vZ2xl\/AVvXsEggnCUXaPdeYYYogaByy5k_20M_UURPIiwqFKvlh-S0g2u2GyXErSL3rHgcCkDjN-ha4XnYfzjuowQqPeJa4j1ghZYuUVb-pHFSXSfeQ6gFzJ5-l0fhjeYQwHlgNqdzdrru9iY\/s1600\/1.png\" style=\"margin-left: 1em; margin-right: 1em;\"><img decoding=\"async\" border=\"0\" src=\"https:\/\/blogger.googleusercontent.com\/img\/b\/R29vZ2xl\/AVvXsEggnCUXaPdeYYYogaByy5k_20M_UURPIiwqFKvlh-S0g2u2GyXErSL3rHgcCkDjN-ha4XnYfzjuowQqPeJa4j1ghZYuUVb-pHFSXSfeQ6gFzJ5-l0fhjeYQwHlgNqdzdrru9iY\/s1600\/1.png\" \/><\/a><\/div>\n<p>\nau d\u00e9but de mon voyage \u00e0 milan, j&rsquo;ai visitez <a href=\"http:\/\/www.10corsocomo.com\/\" target=\"_blank\">10 corso como<\/a>, un endroit \u00abconcept\u00bb. vous entrez dans une cour int\u00e9rieure qui est \u00e0 la fois un magnifique caf\u00e9 et un restaurant incluant beaucoup de verdure. c&rsquo;est tr\u00e8s tr\u00e8s r\u00e9ussi. ensuite, on s&rsquo;aper\u00e7oit qu&rsquo;il s&rsquo;agit aussi d&rsquo;une boutique de v\u00eatements. \u00e0 l&rsquo;\u00e9tage, vous trouverez un espace galerie et mon coup de coeur, la librairie. c&rsquo;est l\u00e0 je crois que j&rsquo;ai vu le livre de Carlo Stanga. mais je ne l&rsquo;ai pas achet\u00e9 tout de suite bien que je le trouvais bien beau.<\/p>\n<p>au retour, \u00e0 l&rsquo;a\u00e9roport, je l&rsquo;ai finalement achet\u00e9 \u00e0 la <a href=\"http:\/\/www.moleskine.com\/fr\/news\/stores\" target=\"_blank\">boutique moleskine<\/a>, qui sont \u00e9diteurs du livre. d&rsquo;ailleurs si vous passez par un de ces boutiques, utilisez leur petit espace \u00abtampon encreur\u00bb pour enjoliver vos carnets.<\/p>\n<p>mais revenons au talent magnifique de l&rsquo;illustrateur Carlo Tanga, italien vivant \u00e0 berlin et qui a cr\u00e9\u00e9 ce livre \u00abI am Milan\u00bb. le point de vue des illustrations, le m\u00e9lange des m\u00e9diums et les textes est un ensemble absolument r\u00e9ussi et tr\u00e8s inspirant. vous pouvez <a href=\"https:\/\/www.behance.net\/gallery\/26200705\/I-am-Milan\" target=\"_blank\">voir plusieurs de ses pages ici<\/a>. on y retrouve tout \u00e0 fait l&rsquo;ambiance de la ville. ce cr\u00e9atif r\u00e9alise aussi plusieurs beaux projets, <a href=\"http:\/\/www.carlostanga.com\/\" target=\"_blank\">visitez son site personnel ici<\/a>.<\/p>\n<div style=\"clear: both; text-align: center;\"><a href=\"https:\/\/blogger.googleusercontent.com\/img\/b\/R29vZ2xl\/AVvXsEhjz8T_W9-y1okPOPRIJyafPrUXQTsfCnMvqlKmThKdIhS25voHYsnrR0sC6x7N1ZxnUXaQkpl_9bVFVoFqkR3xJ1lcj6L1jYrVt8AHtIv8SWNkFxsmywCVPzcRdh09ixaawYo\/s1600\/2.jpg\" style=\"margin-left: 1em; margin-right: 1em;\"><img decoding=\"async\" border=\"0\" src=\"https:\/\/blogger.googleusercontent.com\/img\/b\/R29vZ2xl\/AVvXsEhjz8T_W9-y1okPOPRIJyafPrUXQTsfCnMvqlKmThKdIhS25voHYsnrR0sC6x7N1ZxnUXaQkpl_9bVFVoFqkR3xJ1lcj6L1jYrVt8AHtIv8SWNkFxsmywCVPzcRdh09ixaawYo\/s1600\/2.jpg\" \/><\/a><\/div>\n","protected":false},"excerpt":{"rendered":"<p>au d\u00e9but de mon voyage \u00e0 milan, j&rsquo;ai visitez 10 corso como, un endroit \u00abconcept\u00bb. vous entrez dans une cour int\u00e9rieure qui est \u00e0 la fois un magnifique caf\u00e9 et un restaurant incluant beaucoup de verdure. c&rsquo;est tr\u00e8s tr\u00e8s r\u00e9ussi. ensuite, on s&rsquo;aper\u00e7oit qu&rsquo;il s&rsquo;agit aussi d&rsquo;une boutique de v\u00eatements. \u00e0 l&rsquo;\u00e9tage, vous trouverez un espace galerie et mon coup de coeur, la librairie. c&rsquo;est l\u00e0 je crois que j&rsquo;ai vu le livre de Carlo Stanga. mais je ne l&rsquo;ai pas achet\u00e9 tout de suite bien que je le trouvais bien beau. au retour, \u00e0 l&rsquo;a\u00e9roport, je l&rsquo;ai finalement achet\u00e9 \u00e0 la boutique moleskine, qui sont \u00e9diteurs du livre. d&rsquo;ailleurs si vous passez par un de ces boutiques, utilisez leur petit espace \u00abtampon encreur\u00bb pour enjoliver vos carnets. mais revenons au talent magnifique de l&rsquo;illustrateur Carlo Tanga, italien vivant \u00e0 berlin et qui a cr\u00e9\u00e9 ce livre \u00abI am Milan\u00bb. le point de vue des illustrations, le m\u00e9lange des m\u00e9diums et les textes est un ensemble absolument r\u00e9ussi et tr\u00e8s inspirant. vous pouvez voir plusieurs de ses pages ici. on y retrouve tout \u00e0 fait l&rsquo;ambiance de la ville. ce cr\u00e9atif r\u00e9alise aussi plusieurs beaux projets, visitez son site personnel ici.<\/p>\n","protected":false},"author":1,"featured_media":0,"comment_status":"open","ping_status":"open","sticky":false,"template":"","format":"standard","meta":{"footnotes":""},"categories":[6,5,3,7,9],"tags":[],"class_list":["post-1526","post","type-post","status-publish","format-standard","hentry","category-air-du-temps","category-artistique","category-creativite","category-livres","category-sourire"],"acf":[],"_links":{"self":[{"href":"https:\/\/gycouture.com\/blogue\/index.php?rest_route=\/wp\/v2\/posts\/1526","targetHints":{"allow":["GET"]}}],"collection":[{"href":"https:\/\/gycouture.com\/blogue\/index.php?rest_route=\/wp\/v2\/posts"}],"about":[{"href":"https:\/\/gycouture.com\/blogue\/index.php?rest_route=\/wp\/v2\/types\/post"}],"author":[{"embeddable":true,"href":"https:\/\/gycouture.com\/blogue\/index.php?rest_route=\/wp\/v2\/users\/1"}],"replies":[{"embeddable":true,"href":"https:\/\/gycouture.com\/blogue\/index.php?rest_route=%2Fwp%2Fv2%2Fcomments&post=1526"}],"version-history":[{"count":0,"href":"https:\/\/gycouture.com\/blogue\/index.php?rest_route=\/wp\/v2\/posts\/1526\/revisions"}],"wp:attachment":[{"href":"https:\/\/gycouture.com\/blogue\/index.php?rest_route=%2Fwp%2Fv2%2Fmedia&parent=1526"}],"wp:term":[{"taxonomy":"category","embeddable":true,"href":"https:\/\/gycouture.com\/blogue\/index.php?rest_route=%2Fwp%2Fv2%2Fcategories&post=1526"},{"taxonomy":"post_tag","embeddable":true,"href":"https:\/\/gycouture.com\/blogue\/index.php?rest_route=%2Fwp%2Fv2%2Ftags&post=1526"}],"curies":[{"name":"wp","href":"https:\/\/api.w.org\/{rel}","templated":true}]}}