{"id":1512,"date":"2016-05-29T21:23:00","date_gmt":"2016-05-29T21:23:00","guid":{"rendered":"https:\/\/gycouture.com\/blogue\/index.php\/2016\/05\/29\/le-modele-vivant-prend-des-couleurs\/"},"modified":"2016-05-29T21:23:00","modified_gmt":"2016-05-29T21:23:00","slug":"le-modele-vivant-prend-des-couleurs","status":"publish","type":"post","link":"https:\/\/gycouture.com\/blogue\/?p=1512","title":{"rendered":"le mod\u00e8le vivant prend des couleurs"},"content":{"rendered":"<div style=\"clear: both; text-align: center;\"><a href=\"https:\/\/blogger.googleusercontent.com\/img\/b\/R29vZ2xl\/AVvXsEjy6rmMczNkh-T0mF23kKq7AXE6yL75K9OfajdNX89Qmaj_uBOtqc-ns3moZHRcGTpcmsf4X8puEUX4xpJctcYoTHRp6PdJl11TnSQWFAOjlW0vqfv30nXp3OJCFYjZxvDqDp8\/s1600\/7_mai2016_low.jpg\" style=\"margin-left: 1em; margin-right: 1em;\"><img decoding=\"async\" border=\"0\" src=\"https:\/\/blogger.googleusercontent.com\/img\/b\/R29vZ2xl\/AVvXsEjy6rmMczNkh-T0mF23kKq7AXE6yL75K9OfajdNX89Qmaj_uBOtqc-ns3moZHRcGTpcmsf4X8puEUX4xpJctcYoTHRp6PdJl11TnSQWFAOjlW0vqfv30nXp3OJCFYjZxvDqDp8\/s1600\/7_mai2016_low.jpg\" \/><\/a><\/div>\n<p>\n\u00e7a fera bient\u00f4t un an que je vais \u00e0 des ateliers de mod\u00e8les vivants. je fais donc une trentaine de dessins par semaine. depuis un certain temps, je voulais y ajouter plus de couleurs, mais je ne savais pas trop comment. <\/p>\n<p>alors j&rsquo;ai fait le tour du web et j\u2019ai trouv\u00e9 des exemples qui m&rsquo;ont donn\u00e9 des libert\u00e9s que je ne prenais pas avant. je d\u00e9couvre, j\u2019explore et j\u2019adore \u00e7a. <\/p>\n<p>j&rsquo;ai ajout\u00e9 quelques dessins aujourd&rsquo;hui (<a href=\"https:\/\/www.flickr.com\/photos\/gycouture\/\" target=\"_blank\">sur ma page flickr<\/a>) faits dans les derni\u00e8res semaines. merci \u00e0 tous ces mod\u00e8les tous g\u00e9n\u00e9reux et tr\u00e8s professionnels.<\/p>\n","protected":false},"excerpt":{"rendered":"<p>\u00e7a fera bient\u00f4t un an que je vais \u00e0 des ateliers de mod\u00e8les vivants. je fais donc une trentaine de dessins par semaine. depuis un certain temps, je voulais y ajouter plus de couleurs, mais je ne savais pas trop comment. alors j&rsquo;ai fait le tour du web et j\u2019ai trouv\u00e9 des exemples qui m&rsquo;ont donn\u00e9 des libert\u00e9s que je ne prenais pas avant. je d\u00e9couvre, j\u2019explore et j\u2019adore \u00e7a. j&rsquo;ai ajout\u00e9 quelques dessins aujourd&rsquo;hui (sur ma page flickr) faits dans les derni\u00e8res semaines. merci \u00e0 tous ces mod\u00e8les tous g\u00e9n\u00e9reux et tr\u00e8s professionnels.<\/p>\n","protected":false},"author":1,"featured_media":0,"comment_status":"open","ping_status":"open","sticky":false,"template":"","format":"standard","meta":{"footnotes":""},"categories":[6,5,3,4],"tags":[],"class_list":["post-1512","post","type-post","status-publish","format-standard","hentry","category-air-du-temps","category-artistique","category-creativite","category-mes-projets"],"acf":[],"_links":{"self":[{"href":"https:\/\/gycouture.com\/blogue\/index.php?rest_route=\/wp\/v2\/posts\/1512","targetHints":{"allow":["GET"]}}],"collection":[{"href":"https:\/\/gycouture.com\/blogue\/index.php?rest_route=\/wp\/v2\/posts"}],"about":[{"href":"https:\/\/gycouture.com\/blogue\/index.php?rest_route=\/wp\/v2\/types\/post"}],"author":[{"embeddable":true,"href":"https:\/\/gycouture.com\/blogue\/index.php?rest_route=\/wp\/v2\/users\/1"}],"replies":[{"embeddable":true,"href":"https:\/\/gycouture.com\/blogue\/index.php?rest_route=%2Fwp%2Fv2%2Fcomments&post=1512"}],"version-history":[{"count":0,"href":"https:\/\/gycouture.com\/blogue\/index.php?rest_route=\/wp\/v2\/posts\/1512\/revisions"}],"wp:attachment":[{"href":"https:\/\/gycouture.com\/blogue\/index.php?rest_route=%2Fwp%2Fv2%2Fmedia&parent=1512"}],"wp:term":[{"taxonomy":"category","embeddable":true,"href":"https:\/\/gycouture.com\/blogue\/index.php?rest_route=%2Fwp%2Fv2%2Fcategories&post=1512"},{"taxonomy":"post_tag","embeddable":true,"href":"https:\/\/gycouture.com\/blogue\/index.php?rest_route=%2Fwp%2Fv2%2Ftags&post=1512"}],"curies":[{"name":"wp","href":"https:\/\/api.w.org\/{rel}","templated":true}]}}