{"id":1393,"date":"2017-01-08T14:34:00","date_gmt":"2017-01-08T14:34:00","guid":{"rendered":"https:\/\/gycouture.com\/blogue\/index.php\/2017\/01\/08\/il-y-a-50-ans\/"},"modified":"2017-01-08T14:34:00","modified_gmt":"2017-01-08T14:34:00","slug":"il-y-a-50-ans","status":"publish","type":"post","link":"https:\/\/gycouture.com\/blogue\/?p=1393","title":{"rendered":"il y a 50 ans&#8230;"},"content":{"rendered":"<div style=\"clear: both; text-align: center;\"><a href=\"https:\/\/blogger.googleusercontent.com\/img\/b\/R29vZ2xl\/AVvXsEg8NDrVLVoKSIR9dEcOcN2p9FtIsCiN2x06ao6nxOdDZFYdQSj8Vm5-ocdoeUHIu_mHtO4TtOQqcDP0W-h5PYyDMTrB_hZvuzGU3ZDZI4KwefEavIve2U2dZN4846ta-IQbGIk\/s1600\/jean-Pierre.jpg\" style=\"margin-left: 1em; margin-right: 1em;\"><img decoding=\"async\" border=\"0\" src=\"https:\/\/blogger.googleusercontent.com\/img\/b\/R29vZ2xl\/AVvXsEg8NDrVLVoKSIR9dEcOcN2p9FtIsCiN2x06ao6nxOdDZFYdQSj8Vm5-ocdoeUHIu_mHtO4TtOQqcDP0W-h5PYyDMTrB_hZvuzGU3ZDZI4KwefEavIve2U2dZN4846ta-IQbGIk\/s1600\/jean-Pierre.jpg\" \/><\/a><\/div>\n<p>\nen faisant des recherches sur <a href=\"http:\/\/www.arprim.org\/appels-de-dossiers\/315-appel-de-dossiers-nuit-blanche-2017.html\" target=\"_blank\">les images d&rsquo;expo 67<\/a>, j&rsquo;ai d\u00e9couvert cette publicit\u00e9 dans un cahier sp\u00e9cial du journal La presse de l&rsquo;\u00e9poque. <\/p>\n<p>il s&rsquo;agit probablement d&rsquo;une publicit\u00e9 de radio-canada (pas de logo?) qui d\u00e9clare que pour \u00eatre \u00e0 la fine pointe des m\u00e9dias, il faut trainer sa t\u00e9l\u00e9vision et sa radio. on est en 1967&#8230; comment ne pas sourire!<\/p>\n<p>je souligne le placement de produit: air canada et le look de Jean-Pierre qui est toujours dans le go\u00fbt du jour.<\/p>\n<p>50 ans plus tard? il y a une belle r\u00e9flexion \u00e0 faire sur ce que nos vies sont devenues.<\/p>\n<p>bonne ann\u00e9e 2017!<\/p>\n","protected":false},"excerpt":{"rendered":"<p>en faisant des recherches sur les images d&rsquo;expo 67, j&rsquo;ai d\u00e9couvert cette publicit\u00e9 dans un cahier sp\u00e9cial du journal La presse de l&rsquo;\u00e9poque. il s&rsquo;agit probablement d&rsquo;une publicit\u00e9 de radio-canada (pas de logo?) qui d\u00e9clare que pour \u00eatre \u00e0 la fine pointe des m\u00e9dias, il faut trainer sa t\u00e9l\u00e9vision et sa radio. on est en 1967&#8230; comment ne pas sourire! je souligne le placement de produit: air canada et le look de Jean-Pierre qui est toujours dans le go\u00fbt du jour. 50 ans plus tard? il y a une belle r\u00e9flexion \u00e0 faire sur ce que nos vies sont devenues. bonne ann\u00e9e 2017!<\/p>\n","protected":false},"author":1,"featured_media":0,"comment_status":"open","ping_status":"open","sticky":false,"template":"","format":"standard","meta":{"footnotes":""},"categories":[6,9],"tags":[],"class_list":["post-1393","post","type-post","status-publish","format-standard","hentry","category-air-du-temps","category-sourire"],"acf":[],"_links":{"self":[{"href":"https:\/\/gycouture.com\/blogue\/index.php?rest_route=\/wp\/v2\/posts\/1393","targetHints":{"allow":["GET"]}}],"collection":[{"href":"https:\/\/gycouture.com\/blogue\/index.php?rest_route=\/wp\/v2\/posts"}],"about":[{"href":"https:\/\/gycouture.com\/blogue\/index.php?rest_route=\/wp\/v2\/types\/post"}],"author":[{"embeddable":true,"href":"https:\/\/gycouture.com\/blogue\/index.php?rest_route=\/wp\/v2\/users\/1"}],"replies":[{"embeddable":true,"href":"https:\/\/gycouture.com\/blogue\/index.php?rest_route=%2Fwp%2Fv2%2Fcomments&post=1393"}],"version-history":[{"count":0,"href":"https:\/\/gycouture.com\/blogue\/index.php?rest_route=\/wp\/v2\/posts\/1393\/revisions"}],"wp:attachment":[{"href":"https:\/\/gycouture.com\/blogue\/index.php?rest_route=%2Fwp%2Fv2%2Fmedia&parent=1393"}],"wp:term":[{"taxonomy":"category","embeddable":true,"href":"https:\/\/gycouture.com\/blogue\/index.php?rest_route=%2Fwp%2Fv2%2Fcategories&post=1393"},{"taxonomy":"post_tag","embeddable":true,"href":"https:\/\/gycouture.com\/blogue\/index.php?rest_route=%2Fwp%2Fv2%2Ftags&post=1393"}],"curies":[{"name":"wp","href":"https:\/\/api.w.org\/{rel}","templated":true}]}}