{"id":1343,"date":"2017-04-03T21:34:00","date_gmt":"2017-04-03T21:34:00","guid":{"rendered":"https:\/\/gycouture.com\/blogue\/index.php\/2017\/04\/03\/vous-aimeriez-organiser-une-exposition\/"},"modified":"2017-04-03T21:34:00","modified_gmt":"2017-04-03T21:34:00","slug":"vous-aimeriez-organiser-une-exposition","status":"publish","type":"post","link":"https:\/\/gycouture.com\/blogue\/?p=1343","title":{"rendered":"vous aimeriez organiser une exposition?"},"content":{"rendered":"<div style=\"clear: both; text-align: center;\"><a href=\"https:\/\/blogger.googleusercontent.com\/img\/b\/R29vZ2xl\/AVvXsEhtlrFVrX4zMDCITf6-BABVeDOkplkMRlzLH58kPWzFuGDk0h6BgUXQbynyJvOAGB7tsF_yRZntEIbwtACIQb8_OpkXC2WCTcsdxU5tTSEQPTbumeNqU3oYeR9_7n6bkTEnqAQ\/s1600\/arprim.jpg\" style=\"margin-left: 1em; margin-right: 1em;\"><img decoding=\"async\" border=\"0\" src=\"https:\/\/blogger.googleusercontent.com\/img\/b\/R29vZ2xl\/AVvXsEhtlrFVrX4zMDCITf6-BABVeDOkplkMRlzLH58kPWzFuGDk0h6BgUXQbynyJvOAGB7tsF_yRZntEIbwtACIQb8_OpkXC2WCTcsdxU5tTSEQPTbumeNqU3oYeR9_7n6bkTEnqAQ\/s1600\/arprim.jpg\" \/><\/a><\/div>\n<p>\n\u00able magasin\u00bb est un petit espace \u00e0 l&rsquo;entr\u00e9e du centre d&rsquo;essai en art imprim\u00e9 Arprim. un espace qui a bien du potentiel. j&rsquo;y ai organis\u00e9 l&rsquo;exposition \u00abL\u2019officielle rentr\u00e9e imprim\u00e9e des \u00e9l\u00e8ves de Ste-Arprim de Belgo\u00bb en septembre dernier et j&rsquo;ai ador\u00e9 l&rsquo;exp\u00e9rience. <\/p>\n<p>il y a appel de dossier pour la programmation 2017-2018. si ce genre de projet vous int\u00e9resse, vous avez jusqu&rsquo;au 30 avril pour envoyer votre dossier. <\/p>\n<p>j&rsquo;ai maintenant une autre proposition pour l&rsquo;an prochain. une surprise. je vous en parle si mon dossier est retenu.<\/p>\n<p><a href=\"http:\/\/arprim.org\/appels-de-dossiers\/327-appel-de-dossiers-le-magasin.html\" target=\"_blank\">tous les renseignements ici<\/a>.<\/p>\n<p><\/p>\n","protected":false},"excerpt":{"rendered":"<p>\u00able magasin\u00bb est un petit espace \u00e0 l&rsquo;entr\u00e9e du centre d&rsquo;essai en art imprim\u00e9 Arprim. un espace qui a bien du potentiel. j&rsquo;y ai organis\u00e9 l&rsquo;exposition \u00abL\u2019officielle rentr\u00e9e imprim\u00e9e des \u00e9l\u00e8ves de Ste-Arprim de Belgo\u00bb en septembre dernier et j&rsquo;ai ador\u00e9 l&rsquo;exp\u00e9rience. il y a appel de dossier pour la programmation 2017-2018. si ce genre de projet vous int\u00e9resse, vous avez jusqu&rsquo;au 30 avril pour envoyer votre dossier. j&rsquo;ai maintenant une autre proposition pour l&rsquo;an prochain. une surprise. je vous en parle si mon dossier est retenu. tous les renseignements ici.<\/p>\n","protected":false},"author":1,"featured_media":0,"comment_status":"open","ping_status":"open","sticky":false,"template":"","format":"standard","meta":{"footnotes":""},"categories":[6,4],"tags":[],"class_list":["post-1343","post","type-post","status-publish","format-standard","hentry","category-air-du-temps","category-mes-projets"],"acf":[],"_links":{"self":[{"href":"https:\/\/gycouture.com\/blogue\/index.php?rest_route=\/wp\/v2\/posts\/1343","targetHints":{"allow":["GET"]}}],"collection":[{"href":"https:\/\/gycouture.com\/blogue\/index.php?rest_route=\/wp\/v2\/posts"}],"about":[{"href":"https:\/\/gycouture.com\/blogue\/index.php?rest_route=\/wp\/v2\/types\/post"}],"author":[{"embeddable":true,"href":"https:\/\/gycouture.com\/blogue\/index.php?rest_route=\/wp\/v2\/users\/1"}],"replies":[{"embeddable":true,"href":"https:\/\/gycouture.com\/blogue\/index.php?rest_route=%2Fwp%2Fv2%2Fcomments&post=1343"}],"version-history":[{"count":0,"href":"https:\/\/gycouture.com\/blogue\/index.php?rest_route=\/wp\/v2\/posts\/1343\/revisions"}],"wp:attachment":[{"href":"https:\/\/gycouture.com\/blogue\/index.php?rest_route=%2Fwp%2Fv2%2Fmedia&parent=1343"}],"wp:term":[{"taxonomy":"category","embeddable":true,"href":"https:\/\/gycouture.com\/blogue\/index.php?rest_route=%2Fwp%2Fv2%2Fcategories&post=1343"},{"taxonomy":"post_tag","embeddable":true,"href":"https:\/\/gycouture.com\/blogue\/index.php?rest_route=%2Fwp%2Fv2%2Ftags&post=1343"}],"curies":[{"name":"wp","href":"https:\/\/api.w.org\/{rel}","templated":true}]}}