{"id":1313,"date":"2017-06-18T20:48:00","date_gmt":"2017-06-18T20:48:00","guid":{"rendered":"https:\/\/gycouture.com\/blogue\/index.php\/2017\/06\/18\/lecture-dete-et-apprendre-des-petites-choses-interessantes\/"},"modified":"2017-06-18T20:48:00","modified_gmt":"2017-06-18T20:48:00","slug":"lecture-dete-et-apprendre-des-petites-choses-interessantes","status":"publish","type":"post","link":"https:\/\/gycouture.com\/blogue\/?p=1313","title":{"rendered":"lecture d&rsquo;\u00e9t\u00e9 et apprendre des petites choses int\u00e9ressantes"},"content":{"rendered":"<div style=\"clear: both; text-align: center;\"><a href=\"https:\/\/blogger.googleusercontent.com\/img\/b\/R29vZ2xl\/AVvXsEjAL-nda5EXbUjT3VX-88InFsg5qzc3maHTl1HMqKPCII5weNhUjR2qi3ELvUsRxvhe-EZlvhECjdnvw-k3XbgRVCqoEeFfUNwpqLxPnN8D_cSTiY6HS_hSXgEc8qcyXbRSr8o\/s1600\/sixtine.jpg\" style=\"margin-left: 1em; margin-right: 1em;\"><img decoding=\"async\" border=\"0\" src=\"https:\/\/blogger.googleusercontent.com\/img\/b\/R29vZ2xl\/AVvXsEjAL-nda5EXbUjT3VX-88InFsg5qzc3maHTl1HMqKPCII5weNhUjR2qi3ELvUsRxvhe-EZlvhECjdnvw-k3XbgRVCqoEeFfUNwpqLxPnN8D_cSTiY6HS_hSXgEc8qcyXbRSr8o\/s1600\/sixtine.jpg\" data-original-width=\"759\" data-original-height=\"491\" \/><\/a><\/div>\n<p>\nl&rsquo;\u00e9t\u00e9, j&rsquo;essaie de lire beaucoup, des romans uniquement. j&rsquo;aime me faire raconter des histoires. alors je fais plusieurs emprunts \u00e0 la biblioth\u00e8que. si je n&rsquo;accroche pas, je passe au suivant sans culpabilit\u00e9. <\/p>\n<p>je viens de terminer la lecture de \u00ab<a href=\"https:\/\/www.babelio.com\/livres\/Morell-Le-Ciel-de-la-chapelle-sixtine\/580565\" target=\"_blank\">Le Ciel de la chapelle Sixtine<\/a>\u00bb  de Leon Morell (paru en 2012). il raconte l&rsquo;histoire de la cr\u00e9ation du plafond de la mythique chapelle. une bonne histoire, o\u00f9 on apprend des d\u00e9tails sur cette commande et cr\u00e9ation, le contexte aussi. j&rsquo;ai beaucoup aim\u00e9 parce que j&rsquo;ai appris quelques petites choses. l&rsquo;auteur n&rsquo;a \u00e9crit que ce roman qui porte sur un sujet qui le passionne. je me suis imprim\u00e9 une image de la vo\u00fbte pour suivre plus facilement l&rsquo;histoire et remarquer des choses que je n&rsquo;avais pas per\u00e7ues avant parce qu&rsquo;on nous pr\u00e9sente souvent les m\u00eames portions.<\/p>\n<p>\u00ab\u00c0 33 ans, Michel- Ange s&rsquo;estime davantage sculpteur que peintre ; pourtant, Jules II, le \u00ab Papa terribile \u00bb de la Renaissance, s&rsquo;obstine \u00e0 lui confier la d\u00e9coration de la vo\u00fbte de la chapelle Sixtine\u00bb<\/p>\n","protected":false},"excerpt":{"rendered":"<p>l&rsquo;\u00e9t\u00e9, j&rsquo;essaie de lire beaucoup, des romans uniquement. j&rsquo;aime me faire raconter des histoires. alors je fais plusieurs emprunts \u00e0 la biblioth\u00e8que. si je n&rsquo;accroche pas, je passe au suivant sans culpabilit\u00e9. je viens de terminer la lecture de \u00abLe Ciel de la chapelle Sixtine\u00bb de Leon Morell (paru en 2012). il raconte l&rsquo;histoire de la cr\u00e9ation du plafond de la mythique chapelle. une bonne histoire, o\u00f9 on apprend des d\u00e9tails sur cette commande et cr\u00e9ation, le contexte aussi. j&rsquo;ai beaucoup aim\u00e9 parce que j&rsquo;ai appris quelques petites choses. l&rsquo;auteur n&rsquo;a \u00e9crit que ce roman qui porte sur un sujet qui le passionne. je me suis imprim\u00e9 une image de la vo\u00fbte pour suivre plus facilement l&rsquo;histoire et remarquer des choses que je n&rsquo;avais pas per\u00e7ues avant parce qu&rsquo;on nous pr\u00e9sente souvent les m\u00eames portions. \u00ab\u00c0 33 ans, Michel- Ange s&rsquo;estime davantage sculpteur que peintre ; pourtant, Jules II, le \u00ab Papa terribile \u00bb de la Renaissance, s&rsquo;obstine \u00e0 lui confier la d\u00e9coration de la vo\u00fbte de la chapelle Sixtine\u00bb<\/p>\n","protected":false},"author":1,"featured_media":0,"comment_status":"open","ping_status":"open","sticky":false,"template":"","format":"standard","meta":{"footnotes":""},"categories":[6,5,3,7],"tags":[],"class_list":["post-1313","post","type-post","status-publish","format-standard","hentry","category-air-du-temps","category-artistique","category-creativite","category-livres"],"acf":[],"_links":{"self":[{"href":"https:\/\/gycouture.com\/blogue\/index.php?rest_route=\/wp\/v2\/posts\/1313","targetHints":{"allow":["GET"]}}],"collection":[{"href":"https:\/\/gycouture.com\/blogue\/index.php?rest_route=\/wp\/v2\/posts"}],"about":[{"href":"https:\/\/gycouture.com\/blogue\/index.php?rest_route=\/wp\/v2\/types\/post"}],"author":[{"embeddable":true,"href":"https:\/\/gycouture.com\/blogue\/index.php?rest_route=\/wp\/v2\/users\/1"}],"replies":[{"embeddable":true,"href":"https:\/\/gycouture.com\/blogue\/index.php?rest_route=%2Fwp%2Fv2%2Fcomments&post=1313"}],"version-history":[{"count":0,"href":"https:\/\/gycouture.com\/blogue\/index.php?rest_route=\/wp\/v2\/posts\/1313\/revisions"}],"wp:attachment":[{"href":"https:\/\/gycouture.com\/blogue\/index.php?rest_route=%2Fwp%2Fv2%2Fmedia&parent=1313"}],"wp:term":[{"taxonomy":"category","embeddable":true,"href":"https:\/\/gycouture.com\/blogue\/index.php?rest_route=%2Fwp%2Fv2%2Fcategories&post=1313"},{"taxonomy":"post_tag","embeddable":true,"href":"https:\/\/gycouture.com\/blogue\/index.php?rest_route=%2Fwp%2Fv2%2Ftags&post=1313"}],"curies":[{"name":"wp","href":"https:\/\/api.w.org\/{rel}","templated":true}]}}