{"id":1311,"date":"2017-06-21T13:01:00","date_gmt":"2017-06-21T13:01:00","guid":{"rendered":"https:\/\/gycouture.com\/blogue\/index.php\/2017\/06\/21\/les-zines-de-meb\/"},"modified":"2017-06-21T13:01:00","modified_gmt":"2017-06-21T13:01:00","slug":"les-zines-de-meb","status":"publish","type":"post","link":"https:\/\/gycouture.com\/blogue\/?p=1311","title":{"rendered":"les zines de Meb"},"content":{"rendered":"<div style=\"clear: both; text-align: center;\"><a href=\"https:\/\/blogger.googleusercontent.com\/img\/b\/R29vZ2xl\/AVvXsEi17wGbQNpOMWA8yPBBDCqI_PlOBu3VrKF2nDmTsl4n390QGhbKskBP5iSr4nVXkRhXbQH0Js96cXZmZr0rtbg5VAwezSHau0UWv0uxVqGfXbhDd04z2CBRQHNxAJ8sRvjB0Po\/s1600\/2_guylaine_couture_meb.jpg\" style=\"margin-left: 1em; margin-right: 1em;\"><img decoding=\"async\" border=\"0\" src=\"https:\/\/blogger.googleusercontent.com\/img\/b\/R29vZ2xl\/AVvXsEi17wGbQNpOMWA8yPBBDCqI_PlOBu3VrKF2nDmTsl4n390QGhbKskBP5iSr4nVXkRhXbQH0Js96cXZmZr0rtbg5VAwezSHau0UWv0uxVqGfXbhDd04z2CBRQHNxAJ8sRvjB0Po\/s1600\/2_guylaine_couture_meb.jpg\" data-original-width=\"775\" data-original-height=\"388\" \/><\/a><\/div>\n<p>\n<a href=\"http:\/\/www.chezmeb.com\/\" target=\"_blank\">mon amie Marie-Eve<\/a> d\u00e9borde de cr\u00e9ativit\u00e9. elle a lanc\u00e9 r\u00e9cemment une s\u00e9rie de zines de petit format. elle cr\u00e9e une \u00e9dition mensuelle de po\u00e9sie en collage qu&rsquo;elle s\u00e8me par la suite dans les bo\u00eetes \u00e0 livres de Montr\u00e9al.<br \/>\nj&rsquo;ai eu le grand bonheur d&rsquo;avoir les deux premi\u00e8res \u00e9ditions. sachez qu&rsquo;elle travaille en ce moment \u00e0 celle du mois de juillet. une magnifique id\u00e9e, j&rsquo;adore! alors portez attention, suivez la sur instagram pour savoir quand et o\u00f9 la distribution aura lieu.<\/p>\n<p>photo de droite tir\u00e9e de <a href=\"https:\/\/www.instagram.com\/meb_\/\" target=\"_blank\">sa page instagram<\/a> justement.<\/p>\n","protected":false},"excerpt":{"rendered":"<p>mon amie Marie-Eve d\u00e9borde de cr\u00e9ativit\u00e9. elle a lanc\u00e9 r\u00e9cemment une s\u00e9rie de zines de petit format. elle cr\u00e9e une \u00e9dition mensuelle de po\u00e9sie en collage qu&rsquo;elle s\u00e8me par la suite dans les bo\u00eetes \u00e0 livres de Montr\u00e9al. j&rsquo;ai eu le grand bonheur d&rsquo;avoir les deux premi\u00e8res \u00e9ditions. sachez qu&rsquo;elle travaille en ce moment \u00e0 celle du mois de juillet. une magnifique id\u00e9e, j&rsquo;adore! alors portez attention, suivez la sur instagram pour savoir quand et o\u00f9 la distribution aura lieu. photo de droite tir\u00e9e de sa page instagram justement.<\/p>\n","protected":false},"author":1,"featured_media":0,"comment_status":"open","ping_status":"open","sticky":false,"template":"","format":"standard","meta":{"footnotes":""},"categories":[6,5,3,7,9],"tags":[],"class_list":["post-1311","post","type-post","status-publish","format-standard","hentry","category-air-du-temps","category-artistique","category-creativite","category-livres","category-sourire"],"acf":[],"_links":{"self":[{"href":"https:\/\/gycouture.com\/blogue\/index.php?rest_route=\/wp\/v2\/posts\/1311","targetHints":{"allow":["GET"]}}],"collection":[{"href":"https:\/\/gycouture.com\/blogue\/index.php?rest_route=\/wp\/v2\/posts"}],"about":[{"href":"https:\/\/gycouture.com\/blogue\/index.php?rest_route=\/wp\/v2\/types\/post"}],"author":[{"embeddable":true,"href":"https:\/\/gycouture.com\/blogue\/index.php?rest_route=\/wp\/v2\/users\/1"}],"replies":[{"embeddable":true,"href":"https:\/\/gycouture.com\/blogue\/index.php?rest_route=%2Fwp%2Fv2%2Fcomments&post=1311"}],"version-history":[{"count":0,"href":"https:\/\/gycouture.com\/blogue\/index.php?rest_route=\/wp\/v2\/posts\/1311\/revisions"}],"wp:attachment":[{"href":"https:\/\/gycouture.com\/blogue\/index.php?rest_route=%2Fwp%2Fv2%2Fmedia&parent=1311"}],"wp:term":[{"taxonomy":"category","embeddable":true,"href":"https:\/\/gycouture.com\/blogue\/index.php?rest_route=%2Fwp%2Fv2%2Fcategories&post=1311"},{"taxonomy":"post_tag","embeddable":true,"href":"https:\/\/gycouture.com\/blogue\/index.php?rest_route=%2Fwp%2Fv2%2Ftags&post=1311"}],"curies":[{"name":"wp","href":"https:\/\/api.w.org\/{rel}","templated":true}]}}