{"id":1293,"date":"2017-08-11T13:38:00","date_gmt":"2017-08-11T13:38:00","guid":{"rendered":"https:\/\/gycouture.com\/blogue\/index.php\/2017\/08\/11\/jexpose-un-livre-cet-ete\/"},"modified":"2017-08-11T13:38:00","modified_gmt":"2017-08-11T13:38:00","slug":"jexpose-un-livre-cet-ete","status":"publish","type":"post","link":"https:\/\/gycouture.com\/blogue\/?p=1293","title":{"rendered":"j&rsquo;expose un livre cet \u00e9t\u00e9"},"content":{"rendered":"<div style=\"clear: both; text-align: center;\"><a href=\"https:\/\/blogger.googleusercontent.com\/img\/b\/R29vZ2xl\/AVvXsEhOWMC90EcfLwCfx05aFlUuqO9Bbw505vGMMYYaHNNMJU4N_-kKRxdoLCSQOL45dZfLTJPedL9VVrDdySQQQHxxM4D8sk_psx-6SpPgSZzDTPVJTxNJzMjaIL2oWiObJLnVzvI\/s1600\/papier.jpg\" style=\"margin-left: 1em; margin-right: 1em;\"><img decoding=\"async\" border=\"0\" src=\"https:\/\/blogger.googleusercontent.com\/img\/b\/R29vZ2xl\/AVvXsEhOWMC90EcfLwCfx05aFlUuqO9Bbw505vGMMYYaHNNMJU4N_-kKRxdoLCSQOL45dZfLTJPedL9VVrDdySQQQHxxM4D8sk_psx-6SpPgSZzDTPVJTxNJzMjaIL2oWiObJLnVzvI\/s1600\/papier.jpg\" data-original-width=\"720\" data-original-height=\"744\" \/><\/a><\/div>\n<p>\nle livre d&rsquo;artiste vous int\u00e9resse? il faut passer par la galerie de l&rsquo;atelier presse-papier \u00e0 trois-rivi\u00e8res dans les prochaines semaines pour voir l&rsquo;exposition \u00ab<a href=\"https:\/\/www.pressepapier.net\/expo-dans-le-sillage\" target=\"_blank\">dans le sillage<\/a>\u00bb. le centre d&rsquo;artiste a cr\u00e9\u00e9 le Prix Francine Turcotte. la r\u00e9cipiendaire du premier prix est Marilyse Goulet (photo de son livre ci-dessus).<\/p>\n<p>j&rsquo;ai envoy\u00e9 mon dossier, et <a href=\"http:\/\/guylainecouture.blogspot.ca\/2016\/01\/alonely.html\" target=\"_blank\">mon livre alonely<\/a> (en version fran\u00e7aise) a \u00e9t\u00e9 retenu pour l&rsquo;exposition. je n&rsquo;ai quasiment jamais expos\u00e9 mes livres au qu\u00e9bec*. si ma m\u00e9moire est bonne, c\u2019est la deuxi\u00e8me fois. <\/p>\n<p>vous pouvez voir <a href=\"https:\/\/www.facebook.com\/atelier.pressepapier\/\" target=\"_blank\">quelques photos<\/a> de l\u2019\u00e9v\u00e9nement sur leur page facebook. l&rsquo;exposition se termine le 4&nbsp;septembre.<\/p>\n<p>* c&rsquo;est faux. j&rsquo;ai expos\u00e9 deux fois \u00e0 La biennale de Livres d\u2019artistes au Portage (Notre-Dame-du-Portage)&#8230;<\/p>\n","protected":false},"excerpt":{"rendered":"<p>le livre d&rsquo;artiste vous int\u00e9resse? il faut passer par la galerie de l&rsquo;atelier presse-papier \u00e0 trois-rivi\u00e8res dans les prochaines semaines pour voir l&rsquo;exposition \u00abdans le sillage\u00bb. le centre d&rsquo;artiste a cr\u00e9\u00e9 le Prix Francine Turcotte. la r\u00e9cipiendaire du premier prix est Marilyse Goulet (photo de son livre ci-dessus). j&rsquo;ai envoy\u00e9 mon dossier, et mon livre alonely (en version fran\u00e7aise) a \u00e9t\u00e9 retenu pour l&rsquo;exposition. je n&rsquo;ai quasiment jamais expos\u00e9 mes livres au qu\u00e9bec*. si ma m\u00e9moire est bonne, c\u2019est la deuxi\u00e8me fois. vous pouvez voir quelques photos de l\u2019\u00e9v\u00e9nement sur leur page facebook. l&rsquo;exposition se termine le 4&nbsp;septembre. * c&rsquo;est faux. j&rsquo;ai expos\u00e9 deux fois \u00e0 La biennale de Livres d\u2019artistes au Portage (Notre-Dame-du-Portage)&#8230;<\/p>\n","protected":false},"author":1,"featured_media":0,"comment_status":"open","ping_status":"open","sticky":false,"template":"","format":"standard","meta":{"footnotes":""},"categories":[6,5,3,7,4],"tags":[],"class_list":["post-1293","post","type-post","status-publish","format-standard","hentry","category-air-du-temps","category-artistique","category-creativite","category-livres","category-mes-projets"],"acf":[],"_links":{"self":[{"href":"https:\/\/gycouture.com\/blogue\/index.php?rest_route=\/wp\/v2\/posts\/1293","targetHints":{"allow":["GET"]}}],"collection":[{"href":"https:\/\/gycouture.com\/blogue\/index.php?rest_route=\/wp\/v2\/posts"}],"about":[{"href":"https:\/\/gycouture.com\/blogue\/index.php?rest_route=\/wp\/v2\/types\/post"}],"author":[{"embeddable":true,"href":"https:\/\/gycouture.com\/blogue\/index.php?rest_route=\/wp\/v2\/users\/1"}],"replies":[{"embeddable":true,"href":"https:\/\/gycouture.com\/blogue\/index.php?rest_route=%2Fwp%2Fv2%2Fcomments&post=1293"}],"version-history":[{"count":0,"href":"https:\/\/gycouture.com\/blogue\/index.php?rest_route=\/wp\/v2\/posts\/1293\/revisions"}],"wp:attachment":[{"href":"https:\/\/gycouture.com\/blogue\/index.php?rest_route=%2Fwp%2Fv2%2Fmedia&parent=1293"}],"wp:term":[{"taxonomy":"category","embeddable":true,"href":"https:\/\/gycouture.com\/blogue\/index.php?rest_route=%2Fwp%2Fv2%2Fcategories&post=1293"},{"taxonomy":"post_tag","embeddable":true,"href":"https:\/\/gycouture.com\/blogue\/index.php?rest_route=%2Fwp%2Fv2%2Ftags&post=1293"}],"curies":[{"name":"wp","href":"https:\/\/api.w.org\/{rel}","templated":true}]}}