{"id":1253,"date":"2017-10-24T23:34:00","date_gmt":"2017-10-24T23:34:00","guid":{"rendered":"https:\/\/gycouture.com\/blogue\/index.php\/2017\/10\/24\/a-votre-tour-participez-a-la-biennale-2018\/"},"modified":"2017-10-24T23:34:00","modified_gmt":"2017-10-24T23:34:00","slug":"a-votre-tour-participez-a-la-biennale-2018","status":"publish","type":"post","link":"https:\/\/gycouture.com\/blogue\/?p=1253","title":{"rendered":"\u00e0 votre tour, participez \u00e0 la biennale 2018!"},"content":{"rendered":"<p><a href=\"https:\/\/blogger.googleusercontent.com\/img\/b\/R29vZ2xl\/AVvXsEhsxJXqdy89JIhcbdD3_8V67DU6BuPzj-FjsFrim8_2xk6DA7KkQmGb5cuuK14KstH8YUQHoT_gYP3rb5dVetKBh2z8ShzRfPSA3sq3Q_TxZRx9zGhtrEi9V5fFRjHnFB5kplU\/s1600\/le-flot-de-mes-pensc3a9es1.jpg\"><img decoding=\"async\" border=\"0\" src=\"https:\/\/blogger.googleusercontent.com\/img\/b\/R29vZ2xl\/AVvXsEhsxJXqdy89JIhcbdD3_8V67DU6BuPzj-FjsFrim8_2xk6DA7KkQmGb5cuuK14KstH8YUQHoT_gYP3rb5dVetKBh2z8ShzRfPSA3sq3Q_TxZRx9zGhtrEi9V5fFRjHnFB5kplU\/s1600\/le-flot-de-mes-pensc3a9es1.jpg\" data-original-width=\"775\" data-original-height=\"369\" \/><\/a><\/p>\n<p>en 2012 j&rsquo;ai appris \u00e0 travers les branches (par mon amie C\u00e9cile) que H\u00e9t\u00e9roclite organisait un \u00e9v\u00e9nement int\u00e9ressant, une biennale du livre d&rsquo;artiste \u00e0 Notre-Dame-du-Portage. J&rsquo;y participe avec plaisir depuis. <\/p>\n<p>l&rsquo;\u00e9dition 2018 ne propose aucun th\u00e8me, mais plut\u00f4t un style de structure. le livre doit \u00eatre \u00abinteractif\u00bb dans tous les sens du terme: pop-up \u2013 \u00e9chelle de Jacob \u2013 flip book ou folioscope \u2013 livre anim\u00e9 avec tirettes, rivets, rabats, volets, disques, volvelles, d\u00e9coupes, origami, etc. <a href=\"https:\/\/livresdartistesauportage.wordpress.com\/concours-2018\/\" target=\"_blank\">tous les d\u00e9tails sur le site<\/a>. la date limite pour pr\u00e9senter votre livre est le 15 mai 2018. vous avez le temps&#8230; mais pas tant que \u00e7a!<\/p>\n<p>je vais \u00e9videmment y participer. mais il y a plus, on m&rsquo;a demand\u00e9 d&rsquo;\u00eatre l&rsquo;invit\u00e9e d&rsquo;honneur 2018!!! ce qui veut dire que j&rsquo;y pr\u00e9senterai quelques livres d&rsquo;artiste sans relation directe avec l&rsquo;exposition et je donnerai une courte conf\u00e9rence le samedi en apr\u00e8s-midi. je vous parlerai d&rsquo;Arprim aussi, dont je suis membre. je suis honor\u00e9e de cette invitation. j&rsquo;ai bien le temps de vous en reparler.<\/p>\n<p>derri\u00e8re tout \u00e7a, il y a le travail ardu de Raymonde Lamothe et de son associ\u00e9e dans l&rsquo;aventure, Marie-Jos\u00e9e Roy (photo ci-dessus).<\/p>\n","protected":false},"excerpt":{"rendered":"<p>en 2012 j&rsquo;ai appris \u00e0 travers les branches (par mon amie C\u00e9cile) que H\u00e9t\u00e9roclite organisait un \u00e9v\u00e9nement int\u00e9ressant, une biennale du livre d&rsquo;artiste \u00e0 Notre-Dame-du-Portage. J&rsquo;y participe avec plaisir depuis. l&rsquo;\u00e9dition 2018 ne propose aucun th\u00e8me, mais plut\u00f4t un style de structure. le livre doit \u00eatre \u00abinteractif\u00bb dans tous les sens du terme: pop-up \u2013 \u00e9chelle de Jacob \u2013 flip book ou folioscope \u2013 livre anim\u00e9 avec tirettes, rivets, rabats, volets, disques, volvelles, d\u00e9coupes, origami, etc. tous les d\u00e9tails sur le site. la date limite pour pr\u00e9senter votre livre est le 15 mai 2018. vous avez le temps&#8230; mais pas tant que \u00e7a! je vais \u00e9videmment y participer. mais il y a plus, on m&rsquo;a demand\u00e9 d&rsquo;\u00eatre l&rsquo;invit\u00e9e d&rsquo;honneur 2018!!! ce qui veut dire que j&rsquo;y pr\u00e9senterai quelques livres d&rsquo;artiste sans relation directe avec l&rsquo;exposition et je donnerai une courte conf\u00e9rence le samedi en apr\u00e8s-midi. je vous parlerai d&rsquo;Arprim aussi, dont je suis membre. je suis honor\u00e9e de cette invitation. j&rsquo;ai bien le temps de vous en reparler. derri\u00e8re tout \u00e7a, il y a le travail ardu de Raymonde Lamothe et de son associ\u00e9e dans l&rsquo;aventure, Marie-Jos\u00e9e Roy (photo ci-dessus).<\/p>\n","protected":false},"author":1,"featured_media":0,"comment_status":"open","ping_status":"open","sticky":false,"template":"","format":"standard","meta":{"footnotes":""},"categories":[6,5,3,7],"tags":[],"class_list":["post-1253","post","type-post","status-publish","format-standard","hentry","category-air-du-temps","category-artistique","category-creativite","category-livres"],"acf":[],"_links":{"self":[{"href":"https:\/\/gycouture.com\/blogue\/index.php?rest_route=\/wp\/v2\/posts\/1253","targetHints":{"allow":["GET"]}}],"collection":[{"href":"https:\/\/gycouture.com\/blogue\/index.php?rest_route=\/wp\/v2\/posts"}],"about":[{"href":"https:\/\/gycouture.com\/blogue\/index.php?rest_route=\/wp\/v2\/types\/post"}],"author":[{"embeddable":true,"href":"https:\/\/gycouture.com\/blogue\/index.php?rest_route=\/wp\/v2\/users\/1"}],"replies":[{"embeddable":true,"href":"https:\/\/gycouture.com\/blogue\/index.php?rest_route=%2Fwp%2Fv2%2Fcomments&post=1253"}],"version-history":[{"count":0,"href":"https:\/\/gycouture.com\/blogue\/index.php?rest_route=\/wp\/v2\/posts\/1253\/revisions"}],"wp:attachment":[{"href":"https:\/\/gycouture.com\/blogue\/index.php?rest_route=%2Fwp%2Fv2%2Fmedia&parent=1253"}],"wp:term":[{"taxonomy":"category","embeddable":true,"href":"https:\/\/gycouture.com\/blogue\/index.php?rest_route=%2Fwp%2Fv2%2Fcategories&post=1253"},{"taxonomy":"post_tag","embeddable":true,"href":"https:\/\/gycouture.com\/blogue\/index.php?rest_route=%2Fwp%2Fv2%2Ftags&post=1253"}],"curies":[{"name":"wp","href":"https:\/\/api.w.org\/{rel}","templated":true}]}}