{"id":1247,"date":"2017-11-06T13:04:00","date_gmt":"2017-11-06T13:04:00","guid":{"rendered":"https:\/\/gycouture.com\/blogue\/index.php\/2017\/11\/06\/les-petites-tetes-de-lart-coup-de-coeur\/"},"modified":"2017-11-06T13:04:00","modified_gmt":"2017-11-06T13:04:00","slug":"les-petites-tetes-de-lart-coup-de-coeur","status":"publish","type":"post","link":"https:\/\/gycouture.com\/blogue\/?p=1247","title":{"rendered":"les petites t\u00eates de l&rsquo;art, coup de coeur!"},"content":{"rendered":"<div style=\"clear: both; text-align: center;\"><a href=\"https:\/\/blogger.googleusercontent.com\/img\/b\/R29vZ2xl\/AVvXsEgrhTZzBnqfqSmHun1skigcuyDvWZ7Agi4sWRgVBnngr9XG1Bj5LN0GkR7prz3aCyEyYTlNjnQaTFs7udPiaTxJ7lG6HrICxfkJss_yj7lZEKFdHNzAE57Ko0gY8o4NF-NCJ38\/s1600\/tete.jpg\" style=\"margin-left: 1em; margin-right: 1em;\"><img decoding=\"async\" border=\"0\" src=\"https:\/\/blogger.googleusercontent.com\/img\/b\/R29vZ2xl\/AVvXsEgrhTZzBnqfqSmHun1skigcuyDvWZ7Agi4sWRgVBnngr9XG1Bj5LN0GkR7prz3aCyEyYTlNjnQaTFs7udPiaTxJ7lG6HrICxfkJss_yj7lZEKFdHNzAE57Ko0gY8o4NF-NCJ38\/s1600\/tete.jpg\" data-original-width=\"775\" data-original-height=\"390\" \/><\/a><\/div>\n<p>\nj&rsquo;ai d\u00e9couvert cette source de cr\u00e9ativit\u00e9 vraiment par hasard en me promenant sur pinterest.<\/p>\n<p>j&rsquo;ai \u00e9t\u00e9 s\u00e9duite par la grande, vraiment grande puissance cr\u00e9ative de l&rsquo;\u00e9quipe \u00ab<a href=\"https:\/\/www.pinterest.ca\/source\/lespetitestetesdelart.blogspot.com\/\" target=\"_blank\">les petites t\u00eates de l\u2019art<\/a>\u00bb, une garderie de Boulogne qui offre aussi des cours aux enfants de moins de 10 ans.<\/p>\n<p>\u00abNotre association d\u00e9veloppe son projet p\u00e9dagogique autour de l\u2019\u00e9veil artistique. Par la cr\u00e9ativit\u00e9, les enfants s&rsquo;adonnent \u00e0 diff\u00e9rents apprentissages et exp\u00e9riences sensorielles. Pas \u00e0 pas, ils cheminent, s&rsquo;expriment, cr\u00e9ent, progressent dans leurs r\u00e9alisations et dans tous ces exercices de vie au quotidien qui font grandir et initient \u00e0 la collectivit\u00e9.\u00bb<\/p>\n<p>les bonnes id\u00e9es sont nombreuses. bien qu&rsquo;elles s&rsquo;adressent \u00e0 des enfants, tous les exercices peuvent facilement s&rsquo;appliquer \u00e0 la pratique artistique d&rsquo;un adulte. faites le tour, les r\u00e9sultats sont inspirants, \u00e9tonnants, magnifiques et toujours d\u2019une grande simplicit\u00e9 technique. chapeau \u00e0 l&rsquo;\u00e9quipe, vraiment.<\/p>\n<p>le <a href=\"http:\/\/lespetitestetesdelart.blogspot.ca\/\" target=\"_blank\">site de la garderie ici<\/a>.<\/p>\n","protected":false},"excerpt":{"rendered":"<p>j&rsquo;ai d\u00e9couvert cette source de cr\u00e9ativit\u00e9 vraiment par hasard en me promenant sur pinterest. j&rsquo;ai \u00e9t\u00e9 s\u00e9duite par la grande, vraiment grande puissance cr\u00e9ative de l&rsquo;\u00e9quipe \u00ables petites t\u00eates de l\u2019art\u00bb, une garderie de Boulogne qui offre aussi des cours aux enfants de moins de 10 ans. \u00abNotre association d\u00e9veloppe son projet p\u00e9dagogique autour de l\u2019\u00e9veil artistique. Par la cr\u00e9ativit\u00e9, les enfants s&rsquo;adonnent \u00e0 diff\u00e9rents apprentissages et exp\u00e9riences sensorielles. Pas \u00e0 pas, ils cheminent, s&rsquo;expriment, cr\u00e9ent, progressent dans leurs r\u00e9alisations et dans tous ces exercices de vie au quotidien qui font grandir et initient \u00e0 la collectivit\u00e9.\u00bb les bonnes id\u00e9es sont nombreuses. bien qu&rsquo;elles s&rsquo;adressent \u00e0 des enfants, tous les exercices peuvent facilement s&rsquo;appliquer \u00e0 la pratique artistique d&rsquo;un adulte. faites le tour, les r\u00e9sultats sont inspirants, \u00e9tonnants, magnifiques et toujours d\u2019une grande simplicit\u00e9 technique. chapeau \u00e0 l&rsquo;\u00e9quipe, vraiment. le site de la garderie ici.<\/p>\n","protected":false},"author":1,"featured_media":0,"comment_status":"open","ping_status":"open","sticky":false,"template":"","format":"standard","meta":{"footnotes":""},"categories":[6,5,3],"tags":[],"class_list":["post-1247","post","type-post","status-publish","format-standard","hentry","category-air-du-temps","category-artistique","category-creativite"],"acf":[],"_links":{"self":[{"href":"https:\/\/gycouture.com\/blogue\/index.php?rest_route=\/wp\/v2\/posts\/1247","targetHints":{"allow":["GET"]}}],"collection":[{"href":"https:\/\/gycouture.com\/blogue\/index.php?rest_route=\/wp\/v2\/posts"}],"about":[{"href":"https:\/\/gycouture.com\/blogue\/index.php?rest_route=\/wp\/v2\/types\/post"}],"author":[{"embeddable":true,"href":"https:\/\/gycouture.com\/blogue\/index.php?rest_route=\/wp\/v2\/users\/1"}],"replies":[{"embeddable":true,"href":"https:\/\/gycouture.com\/blogue\/index.php?rest_route=%2Fwp%2Fv2%2Fcomments&post=1247"}],"version-history":[{"count":0,"href":"https:\/\/gycouture.com\/blogue\/index.php?rest_route=\/wp\/v2\/posts\/1247\/revisions"}],"wp:attachment":[{"href":"https:\/\/gycouture.com\/blogue\/index.php?rest_route=%2Fwp%2Fv2%2Fmedia&parent=1247"}],"wp:term":[{"taxonomy":"category","embeddable":true,"href":"https:\/\/gycouture.com\/blogue\/index.php?rest_route=%2Fwp%2Fv2%2Fcategories&post=1247"},{"taxonomy":"post_tag","embeddable":true,"href":"https:\/\/gycouture.com\/blogue\/index.php?rest_route=%2Fwp%2Fv2%2Ftags&post=1247"}],"curies":[{"name":"wp","href":"https:\/\/api.w.org\/{rel}","templated":true}]}}