{"id":1241,"date":"2017-11-19T21:06:00","date_gmt":"2017-11-19T21:06:00","guid":{"rendered":"https:\/\/gycouture.com\/blogue\/index.php\/2017\/11\/19\/travailler-avec-les-matieres-recyclables\/"},"modified":"2017-11-19T21:06:00","modified_gmt":"2017-11-19T21:06:00","slug":"travailler-avec-les-matieres-recyclables","status":"publish","type":"post","link":"https:\/\/gycouture.com\/blogue\/?p=1241","title":{"rendered":"travailler avec les mati\u00e8res recyclables"},"content":{"rendered":"<div style=\"clear: both; text-align: center;\"><a href=\"https:\/\/blogger.googleusercontent.com\/img\/b\/R29vZ2xl\/AVvXsEgXeQhriqSTCfcHVuHf1_YPtU7ufoYcRhuOOWiNy19ToSDs7Oqc-73-vIyGnQDyXDHrpW9yGvh3M-tnhyphenhyphenK1eU5t5qB4LhITMe1kiU6JLZjsIru4JKPXY2TWlUZJLPqxPqRbEig\/s1600\/2_guylaine_couture.jpg\" style=\"margin-left: 1em; margin-right: 1em;\"><img decoding=\"async\" border=\"0\" src=\"https:\/\/blogger.googleusercontent.com\/img\/b\/R29vZ2xl\/AVvXsEgXeQhriqSTCfcHVuHf1_YPtU7ufoYcRhuOOWiNy19ToSDs7Oqc-73-vIyGnQDyXDHrpW9yGvh3M-tnhyphenhyphenK1eU5t5qB4LhITMe1kiU6JLZjsIru4JKPXY2TWlUZJLPqxPqRbEig\/s1600\/2_guylaine_couture.jpg\" data-original-width=\"775\" data-original-height=\"388\" \/><\/a><\/div>\n<p>\nla mati\u00e8re recyclable est le point commun des deux talents pr\u00e9sent\u00e9s aujourd&rsquo;hui.<\/p>\n<p>d&rsquo;abord les installations rocambolesques de <a href=\"https:\/\/www.instagram.com\/b0rdalo_ii\/\" target=\"_blank\">BordaloII<\/a>. je vous envoie vers sa page instagram pour voir en d\u00e9tail ses cr\u00e9ations, la plupart du temps des animaux. impressionnant.<\/p>\n<p>le photographe Paul Bulteel est plut\u00f4t int\u00e9ress\u00e9 par la mati\u00e8re qui sera recycl\u00e9e. je vous envoie vers <a href=\"https:\/\/www.wired.com\/2016\/03\/paul-bulteel-cycle-recyle-europe-recycles-tons-of-waste-and-its-pretty-gorgeous\/\" target=\"_blank\">un article sur wired<\/a> qui pr\u00e9sente plusieurs photos. visitez le <a href=\"http:\/\/new.paulbulteel.eu\/\" target=\"_blank\">site de l&rsquo;artiste ici<\/a>.<\/p>\n","protected":false},"excerpt":{"rendered":"<p>la mati\u00e8re recyclable est le point commun des deux talents pr\u00e9sent\u00e9s aujourd&rsquo;hui. d&rsquo;abord les installations rocambolesques de BordaloII. je vous envoie vers sa page instagram pour voir en d\u00e9tail ses cr\u00e9ations, la plupart du temps des animaux. impressionnant. le photographe Paul Bulteel est plut\u00f4t int\u00e9ress\u00e9 par la mati\u00e8re qui sera recycl\u00e9e. je vous envoie vers un article sur wired qui pr\u00e9sente plusieurs photos. visitez le site de l&rsquo;artiste ici.<\/p>\n","protected":false},"author":1,"featured_media":0,"comment_status":"open","ping_status":"open","sticky":false,"template":"","format":"standard","meta":{"footnotes":""},"categories":[6,5,3],"tags":[],"class_list":["post-1241","post","type-post","status-publish","format-standard","hentry","category-air-du-temps","category-artistique","category-creativite"],"acf":[],"_links":{"self":[{"href":"https:\/\/gycouture.com\/blogue\/index.php?rest_route=\/wp\/v2\/posts\/1241","targetHints":{"allow":["GET"]}}],"collection":[{"href":"https:\/\/gycouture.com\/blogue\/index.php?rest_route=\/wp\/v2\/posts"}],"about":[{"href":"https:\/\/gycouture.com\/blogue\/index.php?rest_route=\/wp\/v2\/types\/post"}],"author":[{"embeddable":true,"href":"https:\/\/gycouture.com\/blogue\/index.php?rest_route=\/wp\/v2\/users\/1"}],"replies":[{"embeddable":true,"href":"https:\/\/gycouture.com\/blogue\/index.php?rest_route=%2Fwp%2Fv2%2Fcomments&post=1241"}],"version-history":[{"count":0,"href":"https:\/\/gycouture.com\/blogue\/index.php?rest_route=\/wp\/v2\/posts\/1241\/revisions"}],"wp:attachment":[{"href":"https:\/\/gycouture.com\/blogue\/index.php?rest_route=%2Fwp%2Fv2%2Fmedia&parent=1241"}],"wp:term":[{"taxonomy":"category","embeddable":true,"href":"https:\/\/gycouture.com\/blogue\/index.php?rest_route=%2Fwp%2Fv2%2Fcategories&post=1241"},{"taxonomy":"post_tag","embeddable":true,"href":"https:\/\/gycouture.com\/blogue\/index.php?rest_route=%2Fwp%2Fv2%2Ftags&post=1241"}],"curies":[{"name":"wp","href":"https:\/\/api.w.org\/{rel}","templated":true}]}}