{"id":1123,"date":"2018-07-03T20:41:00","date_gmt":"2018-07-03T20:41:00","guid":{"rendered":"https:\/\/gycouture.com\/blogue\/index.php\/2018\/07\/03\/deux-sujets-pour-un-mardi-plutot-chaud\/"},"modified":"2018-07-03T20:41:00","modified_gmt":"2018-07-03T20:41:00","slug":"deux-sujets-pour-un-mardi-plutot-chaud","status":"publish","type":"post","link":"https:\/\/gycouture.com\/blogue\/?p=1123","title":{"rendered":"deux sujets pour un mardi plut\u00f4t chaud"},"content":{"rendered":"<div style=\"clear: both; text-align: center;\"><a href=\"https:\/\/blogger.googleusercontent.com\/img\/b\/R29vZ2xl\/AVvXsEimTyTkr3uahAASb6zY-jIi9yXFgmy6ThRW7K1O1XjB5V-Zi-L9VaHYORvI2ESC8ttKpDJq8uKo69ePFrlCIfm_6rbN8tAFFaHJU-cp9zo8Qh_-cpj1K0w2D4krFQ0DdK95pA4\/s1600\/2_guylaine_couture.jpg\" style=\"margin-left: 1em; margin-right: 1em;\"><img decoding=\"async\" border=\"0\" data-original-height=\"400\" data-original-width=\"800\" src=\"https:\/\/blogger.googleusercontent.com\/img\/b\/R29vZ2xl\/AVvXsEimTyTkr3uahAASb6zY-jIi9yXFgmy6ThRW7K1O1XjB5V-Zi-L9VaHYORvI2ESC8ttKpDJq8uKo69ePFrlCIfm_6rbN8tAFFaHJU-cp9zo8Qh_-cpj1K0w2D4krFQ0DdK95pA4\/s1600\/2_guylaine_couture.jpg\" \/><\/a><\/div>\n<p>\nconnaissez-vous Herv\u00e9 Tullet? c&rsquo;est ma grande soeur qui me l&rsquo;a fait d\u00e9couvrir par \u00ab<a href=\"https:\/\/www.decitre.fr\/livres\/un-livre-9782747032308.html\" target=\"_blank\">Un livre<\/a>\u00bb, une de ses publications (voir le petit vid\u00e9o du lien pour comprendre le livre). ensuite, j&rsquo;ai regard\u00e9 d&rsquo;un peu plus pr\u00e8s sa d\u00e9marche. il faut voir ici <a href=\"https:\/\/www.youtube.com\/watch?time_continue=118&amp;v=yIOXzJiaXJU\/\" target=\"_blank\">une courte vid\u00e9o de l&rsquo;auteur\/artiste<\/a> qui parle de son exposition id\u00e9ale, de son travail et donc de ses livres. magique!<\/p>\n<p>je voulais ensuite vous parler du livre \u00ab<a href=\"https:\/\/www.lemontrealer.com\/projet\" target=\"_blank\">Le Montr\u00e9aler<\/a>\u00bb, publi\u00e9 r\u00e9cemment. un magnifique projet cr\u00e9atif sur montr\u00e9al qui a commenc\u00e9 en 2015, qui fut aussi une exposition et qui continue par un magnifique livre. essayez de mettre la main dessus pour parcourir une soixantaine de pages couvertures de cette publication fictive.<\/p>\n<p>du site infopresse:\u00abLe catalogue du projet Le Montr\u00e9aler r\u00e9unit toutes les couvertures produites pour penser le magazine imaginaire du m\u00eame nom. Inspir\u00e9 du projet The Parisianer, qui a vu le jour en 2013 \u00e0 Paris, Le Montr\u00e9aler rend hommage aux couvertures du magazine The New Yorker et offre plusieurs interpr\u00e9tations \u00e9clectiques et surprenantes de la ville.<\/p>\n<p>La soixantaine d\u2019artistes invit\u00e9s \u00e0 exprimer leur vision de la m\u00e9tropole proposent ainsi des perspectives originales, po\u00e9tiques, caustiques, d\u00e9cal\u00e9es ou encore r\u00e9alistes de la m\u00e9tropole qu\u00e9b\u00e9coise. Tirage limit\u00e9 de 850 exemplaires.\u00bb<\/p>\n<p>une belle surprise sur notre ville.<\/p>\n","protected":false},"excerpt":{"rendered":"<p>connaissez-vous Herv\u00e9 Tullet? c&rsquo;est ma grande soeur qui me l&rsquo;a fait d\u00e9couvrir par \u00abUn livre\u00bb, une de ses publications (voir le petit vid\u00e9o du lien pour comprendre le livre). ensuite, j&rsquo;ai regard\u00e9 d&rsquo;un peu plus pr\u00e8s sa d\u00e9marche. il faut voir ici une courte vid\u00e9o de l&rsquo;auteur\/artiste qui parle de son exposition id\u00e9ale, de son travail et donc de ses livres. magique! je voulais ensuite vous parler du livre \u00abLe Montr\u00e9aler\u00bb, publi\u00e9 r\u00e9cemment. un magnifique projet cr\u00e9atif sur montr\u00e9al qui a commenc\u00e9 en 2015, qui fut aussi une exposition et qui continue par un magnifique livre. essayez de mettre la main dessus pour parcourir une soixantaine de pages couvertures de cette publication fictive. du site infopresse:\u00abLe catalogue du projet Le Montr\u00e9aler r\u00e9unit toutes les couvertures produites pour penser le magazine imaginaire du m\u00eame nom. Inspir\u00e9 du projet The Parisianer, qui a vu le jour en 2013 \u00e0 Paris, Le Montr\u00e9aler rend hommage aux couvertures du magazine The New Yorker et offre plusieurs interpr\u00e9tations \u00e9clectiques et surprenantes de la ville. La soixantaine d\u2019artistes invit\u00e9s \u00e0 exprimer leur vision de la m\u00e9tropole proposent ainsi des perspectives originales, po\u00e9tiques, caustiques, d\u00e9cal\u00e9es ou encore r\u00e9alistes de la m\u00e9tropole qu\u00e9b\u00e9coise. Tirage limit\u00e9 de 850 exemplaires.\u00bb une belle surprise sur notre ville.<\/p>\n","protected":false},"author":1,"featured_media":0,"comment_status":"open","ping_status":"open","sticky":false,"template":"","format":"standard","meta":{"footnotes":""},"categories":[6,5,3,7,9],"tags":[],"class_list":["post-1123","post","type-post","status-publish","format-standard","hentry","category-air-du-temps","category-artistique","category-creativite","category-livres","category-sourire"],"acf":[],"_links":{"self":[{"href":"https:\/\/gycouture.com\/blogue\/index.php?rest_route=\/wp\/v2\/posts\/1123","targetHints":{"allow":["GET"]}}],"collection":[{"href":"https:\/\/gycouture.com\/blogue\/index.php?rest_route=\/wp\/v2\/posts"}],"about":[{"href":"https:\/\/gycouture.com\/blogue\/index.php?rest_route=\/wp\/v2\/types\/post"}],"author":[{"embeddable":true,"href":"https:\/\/gycouture.com\/blogue\/index.php?rest_route=\/wp\/v2\/users\/1"}],"replies":[{"embeddable":true,"href":"https:\/\/gycouture.com\/blogue\/index.php?rest_route=%2Fwp%2Fv2%2Fcomments&post=1123"}],"version-history":[{"count":0,"href":"https:\/\/gycouture.com\/blogue\/index.php?rest_route=\/wp\/v2\/posts\/1123\/revisions"}],"wp:attachment":[{"href":"https:\/\/gycouture.com\/blogue\/index.php?rest_route=%2Fwp%2Fv2%2Fmedia&parent=1123"}],"wp:term":[{"taxonomy":"category","embeddable":true,"href":"https:\/\/gycouture.com\/blogue\/index.php?rest_route=%2Fwp%2Fv2%2Fcategories&post=1123"},{"taxonomy":"post_tag","embeddable":true,"href":"https:\/\/gycouture.com\/blogue\/index.php?rest_route=%2Fwp%2Fv2%2Ftags&post=1123"}],"curies":[{"name":"wp","href":"https:\/\/api.w.org\/{rel}","templated":true}]}}