{"id":1096,"date":"2018-09-14T15:24:00","date_gmt":"2018-09-14T15:24:00","guid":{"rendered":"https:\/\/gycouture.com\/blogue\/index.php\/2018\/09\/14\/preparation-pour-portage\/"},"modified":"2018-09-14T15:24:00","modified_gmt":"2018-09-14T15:24:00","slug":"preparation-pour-portage","status":"publish","type":"post","link":"https:\/\/gycouture.com\/blogue\/?p=1096","title":{"rendered":"pr\u00e9paration pour Portage"},"content":{"rendered":"<div style=\"clear: both; text-align: center;\"><a href=\"https:\/\/blogger.googleusercontent.com\/img\/b\/R29vZ2xl\/AVvXsEgX9y6-_oyLKcPqvmfV6b9w4qqEYJblnMa-_secwE3aPzQRtpA7EcEw8iqMxm933VDhCI1BAjBQq7L-xGicd2mqKlz0Pu1Cec8cRyd1FepNYu7jFOxXPxt7exj8GzsQmAe_XJI\/s1600\/roches.jpg\" style=\"margin-left: 1em; margin-right: 1em;\"><img decoding=\"async\" border=\"0\" src=\"https:\/\/blogger.googleusercontent.com\/img\/b\/R29vZ2xl\/AVvXsEgX9y6-_oyLKcPqvmfV6b9w4qqEYJblnMa-_secwE3aPzQRtpA7EcEw8iqMxm933VDhCI1BAjBQq7L-xGicd2mqKlz0Pu1Cec8cRyd1FepNYu7jFOxXPxt7exj8GzsQmAe_XJI\/s1600\/roches.jpg\" data-original-width=\"800\" data-original-height=\"461\" \/><\/a><\/div>\n<p>\nj&rsquo;ai le plaisir cette ann\u00e9e d&rsquo;\u00eatre l&rsquo;artiste invit\u00e9e \u00e0 la <a href=\"http:\/\/livresdartistesauportage.com\/\" target=\"_blank\">biennale 2018 du livre d&rsquo;artiste \u00e0 Portage<\/a>. wow, un honneur!!!<\/p>\n<p>j&rsquo;adore le bas du fleuve alors l\u00e0, vraiment, c&rsquo;est un magnifique m\u00e9lange des deux. mon livre pour l&rsquo;exposition est d\u00e9j\u00e0 parti. pour cette expo sur les livres interactifs, th\u00e8me de cette ann\u00e9e, j&rsquo;ai fait \u00ab<a href=\"https:\/\/guylainecouture.blogspot.com\/2018\/05\/mon-premier-haiku-avec-shiki.html\" target=\"_blank\">mon premier ha\u00efku avec Shiki<\/a>\u00bb. vous pourrez cr\u00e9er des petits po\u00e8mes avec les feuilles de mon livre, qui sont aussi des lignes de plusieurs po\u00e8mes de Shiki Masaoka. il y aura aussi un large \u00e9ventail de livres \u00e0 cette exposition. vous pouvez les voir sur le site d\u00e8s maintenant.<\/p>\n<p>je donnerai aussi une courte conf\u00e9rence le samedi en apr\u00e8s-midi. \u00e7a sera bien la premi\u00e8re fois que je parlerai de mes livres d&rsquo;artiste. j&rsquo;ai bien h\u00e2te. j&rsquo;ai l&rsquo;intention de vous enretenir surtout de mon processus de cr\u00e9ation et d&rsquo;\u00e9laboration.<\/p>\n<p>j&rsquo;ai h\u00e2te aux rencontres! moi qui expose souvent aux \u00e9tats-unis, je n&rsquo;assiste jamais aux vernissages et je ne re\u00e7ois malheureusement jamais les commentaires des visiteurs. cette fois-ci, je serai pr\u00e9sente plus souvent.<\/p>\n<p>je travaille fort sur ma s\u00e9rie de 8 livres afin d&rsquo;en apporter plusieurs. ils ne sont pas termin\u00e9s, mais certains sont d\u00e9j\u00e0 tr\u00e8s avanc\u00e9s.<\/p>\n<p>rendez-vous \u00e0 la fin du mois.<\/p>\n","protected":false},"excerpt":{"rendered":"<p>j&rsquo;ai le plaisir cette ann\u00e9e d&rsquo;\u00eatre l&rsquo;artiste invit\u00e9e \u00e0 la biennale 2018 du livre d&rsquo;artiste \u00e0 Portage. wow, un honneur!!! j&rsquo;adore le bas du fleuve alors l\u00e0, vraiment, c&rsquo;est un magnifique m\u00e9lange des deux. mon livre pour l&rsquo;exposition est d\u00e9j\u00e0 parti. pour cette expo sur les livres interactifs, th\u00e8me de cette ann\u00e9e, j&rsquo;ai fait \u00abmon premier ha\u00efku avec Shiki\u00bb. vous pourrez cr\u00e9er des petits po\u00e8mes avec les feuilles de mon livre, qui sont aussi des lignes de plusieurs po\u00e8mes de Shiki Masaoka. il y aura aussi un large \u00e9ventail de livres \u00e0 cette exposition. vous pouvez les voir sur le site d\u00e8s maintenant. je donnerai aussi une courte conf\u00e9rence le samedi en apr\u00e8s-midi. \u00e7a sera bien la premi\u00e8re fois que je parlerai de mes livres d&rsquo;artiste. j&rsquo;ai bien h\u00e2te. j&rsquo;ai l&rsquo;intention de vous enretenir surtout de mon processus de cr\u00e9ation et d&rsquo;\u00e9laboration. j&rsquo;ai h\u00e2te aux rencontres! moi qui expose souvent aux \u00e9tats-unis, je n&rsquo;assiste jamais aux vernissages et je ne re\u00e7ois malheureusement jamais les commentaires des visiteurs. cette fois-ci, je serai pr\u00e9sente plus souvent. je travaille fort sur ma s\u00e9rie de 8 livres afin d&rsquo;en apporter plusieurs. ils ne sont pas termin\u00e9s, mais certains sont d\u00e9j\u00e0 tr\u00e8s avanc\u00e9s. rendez-vous \u00e0 la fin du mois.<\/p>\n","protected":false},"author":1,"featured_media":0,"comment_status":"open","ping_status":"open","sticky":false,"template":"","format":"standard","meta":{"footnotes":""},"categories":[6,5,3,7,4,11],"tags":[],"class_list":["post-1096","post","type-post","status-publish","format-standard","hentry","category-air-du-temps","category-artistique","category-creativite","category-livres","category-mes-projets","category-sorties"],"acf":[],"_links":{"self":[{"href":"https:\/\/gycouture.com\/blogue\/index.php?rest_route=\/wp\/v2\/posts\/1096","targetHints":{"allow":["GET"]}}],"collection":[{"href":"https:\/\/gycouture.com\/blogue\/index.php?rest_route=\/wp\/v2\/posts"}],"about":[{"href":"https:\/\/gycouture.com\/blogue\/index.php?rest_route=\/wp\/v2\/types\/post"}],"author":[{"embeddable":true,"href":"https:\/\/gycouture.com\/blogue\/index.php?rest_route=\/wp\/v2\/users\/1"}],"replies":[{"embeddable":true,"href":"https:\/\/gycouture.com\/blogue\/index.php?rest_route=%2Fwp%2Fv2%2Fcomments&post=1096"}],"version-history":[{"count":0,"href":"https:\/\/gycouture.com\/blogue\/index.php?rest_route=\/wp\/v2\/posts\/1096\/revisions"}],"wp:attachment":[{"href":"https:\/\/gycouture.com\/blogue\/index.php?rest_route=%2Fwp%2Fv2%2Fmedia&parent=1096"}],"wp:term":[{"taxonomy":"category","embeddable":true,"href":"https:\/\/gycouture.com\/blogue\/index.php?rest_route=%2Fwp%2Fv2%2Fcategories&post=1096"},{"taxonomy":"post_tag","embeddable":true,"href":"https:\/\/gycouture.com\/blogue\/index.php?rest_route=%2Fwp%2Fv2%2Ftags&post=1096"}],"curies":[{"name":"wp","href":"https:\/\/api.w.org\/{rel}","templated":true}]}}