{"id":1090,"date":"2018-09-26T23:33:00","date_gmt":"2018-09-26T23:33:00","guid":{"rendered":"https:\/\/gycouture.com\/blogue\/index.php\/2018\/09\/26\/la-biennale-de-livres-dartistes-au-portage-cest-ce-week-end\/"},"modified":"2018-09-26T23:33:00","modified_gmt":"2018-09-26T23:33:00","slug":"la-biennale-de-livres-dartistes-au-portage-cest-ce-week-end","status":"publish","type":"post","link":"https:\/\/gycouture.com\/blogue\/?p=1090","title":{"rendered":"La biennale de Livres d\u2019artistes au Portage, c&#39;est ce week-end!"},"content":{"rendered":"<div style=\"clear: both; text-align: center;\"><a href=\"https:\/\/blogger.googleusercontent.com\/img\/b\/R29vZ2xl\/AVvXsEgK1juTJ0SUzn6_mPotfuihyphenhyphenQ6CzWpv0YyjF4i4F8SLkbaozPTu8LP256negA6wJfovY2xcW2glObkq3V_gOPD24cd3emmKuQNWOvdjqhcCpabWT7yHB8QdRToh5NKb5mZRvE4\/s1600\/entc3aate21.jpg\" style=\"margin-left: 1em; margin-right: 1em;\"><img decoding=\"async\" border=\"0\" src=\"https:\/\/blogger.googleusercontent.com\/img\/b\/R29vZ2xl\/AVvXsEgK1juTJ0SUzn6_mPotfuihyphenhyphenQ6CzWpv0YyjF4i4F8SLkbaozPTu8LP256negA6wJfovY2xcW2glObkq3V_gOPD24cd3emmKuQNWOvdjqhcCpabWT7yHB8QdRToh5NKb5mZRvE4\/s1600\/entc3aate21.jpg\" data-original-width=\"800\" data-original-height=\"169\" \/><\/a><\/div>\n<p>\nje serai \u00e0 Notre-Dame-du-Portage tout le week-end pour <a href=\"https:\/\/livresdartistesauportage.wordpress.com\/\" target=\"_blank\">La biennale de Livres d\u2019artistes au Portage<\/a>. comme je suis l&rsquo;artiste invit\u00e9e cette ann\u00e9e (oui, moi, la chanceuse!), je donnerai une causerie sur mon travail samedi \u00e0 1h30. j&rsquo;ai aussi deux grandes tables pour pr\u00e9senter mon travail et ma recherche sur le projet 7.45 qui avance un peu toutes les semaines.<\/p>\n<p>le programme de l&rsquo;\u00e9v\u00e9nement <a href=\"https:\/\/livresdartistesauportage.wordpress.com\/activites\/\" target=\"_blank\">est ici<\/a>.<\/p>\n<p>j&rsquo;ai vraiment tr\u00e8s h\u00e2te \u00e0 cet \u00e9v\u00e9nement, j&rsquo;ai h\u00e2te de rencontrer les autres artistes, l&rsquo;\u00e9quipe et les gens sur place, j&rsquo;ai h\u00e2te de voir le bord su fleuve et surtout de d\u00e9couvrir et manipuler les livres interactifs de cette belle exposition.<\/p>\n<p>je vous en reparlerai \u00e0 mon retour.<\/p>\n<div><\/div>\n<div>merci \u00e0 l&rsquo;Auberge sur mer pour l&rsquo;accueil.<\/div>\n","protected":false},"excerpt":{"rendered":"<p>je serai \u00e0 Notre-Dame-du-Portage tout le week-end pour La biennale de Livres d\u2019artistes au Portage. comme je suis l&rsquo;artiste invit\u00e9e cette ann\u00e9e (oui, moi, la chanceuse!), je donnerai une causerie sur mon travail samedi \u00e0 1h30. j&rsquo;ai aussi deux grandes tables pour pr\u00e9senter mon travail et ma recherche sur le projet 7.45 qui avance un peu toutes les semaines. le programme de l&rsquo;\u00e9v\u00e9nement est ici. j&rsquo;ai vraiment tr\u00e8s h\u00e2te \u00e0 cet \u00e9v\u00e9nement, j&rsquo;ai h\u00e2te de rencontrer les autres artistes, l&rsquo;\u00e9quipe et les gens sur place, j&rsquo;ai h\u00e2te de voir le bord su fleuve et surtout de d\u00e9couvrir et manipuler les livres interactifs de cette belle exposition. je vous en reparlerai \u00e0 mon retour. merci \u00e0 l&rsquo;Auberge sur mer pour l&rsquo;accueil.<\/p>\n","protected":false},"author":1,"featured_media":0,"comment_status":"open","ping_status":"open","sticky":false,"template":"","format":"standard","meta":{"footnotes":""},"categories":[3,7,4,11],"tags":[],"class_list":["post-1090","post","type-post","status-publish","format-standard","hentry","category-creativite","category-livres","category-mes-projets","category-sorties"],"acf":[],"_links":{"self":[{"href":"https:\/\/gycouture.com\/blogue\/index.php?rest_route=\/wp\/v2\/posts\/1090","targetHints":{"allow":["GET"]}}],"collection":[{"href":"https:\/\/gycouture.com\/blogue\/index.php?rest_route=\/wp\/v2\/posts"}],"about":[{"href":"https:\/\/gycouture.com\/blogue\/index.php?rest_route=\/wp\/v2\/types\/post"}],"author":[{"embeddable":true,"href":"https:\/\/gycouture.com\/blogue\/index.php?rest_route=\/wp\/v2\/users\/1"}],"replies":[{"embeddable":true,"href":"https:\/\/gycouture.com\/blogue\/index.php?rest_route=%2Fwp%2Fv2%2Fcomments&post=1090"}],"version-history":[{"count":0,"href":"https:\/\/gycouture.com\/blogue\/index.php?rest_route=\/wp\/v2\/posts\/1090\/revisions"}],"wp:attachment":[{"href":"https:\/\/gycouture.com\/blogue\/index.php?rest_route=%2Fwp%2Fv2%2Fmedia&parent=1090"}],"wp:term":[{"taxonomy":"category","embeddable":true,"href":"https:\/\/gycouture.com\/blogue\/index.php?rest_route=%2Fwp%2Fv2%2Fcategories&post=1090"},{"taxonomy":"post_tag","embeddable":true,"href":"https:\/\/gycouture.com\/blogue\/index.php?rest_route=%2Fwp%2Fv2%2Ftags&post=1090"}],"curies":[{"name":"wp","href":"https:\/\/api.w.org\/{rel}","templated":true}]}}