{"id":1072,"date":"2018-10-31T12:10:00","date_gmt":"2018-10-31T12:10:00","guid":{"rendered":"https:\/\/gycouture.com\/blogue\/index.php\/2018\/10\/31\/mercredi-livre-marie-jeanne-musiol\/"},"modified":"2018-10-31T12:10:00","modified_gmt":"2018-10-31T12:10:00","slug":"mercredi-livre-marie-jeanne-musiol","status":"publish","type":"post","link":"https:\/\/gycouture.com\/blogue\/?p=1072","title":{"rendered":"mercredi livre = Marie-Jeanne Musiol"},"content":{"rendered":"<div style=\"clear: both; text-align: center;\"><a href=\"https:\/\/blogger.googleusercontent.com\/img\/b\/R29vZ2xl\/AVvXsEhuWEWrKx3HO__bOIL2YOzoxiodMzGFBPvLq3NV9aC0mqdSBD3kKj_QtJ5KmQF8-n-FP5pZrM32E4vbkt8jIvGXrcToDyLumdbh8ngYVYTRhJVDULBNlgrbBTf10tPCL6RsgtY\/s1600\/Capture+d%25E2%2580%2599e%25CC%2581cran+2018-10-28+a%25CC%2580+13.44.12.jpg\" style=\"margin-left: 1em; margin-right: 1em;\"><img decoding=\"async\" border=\"0\" src=\"https:\/\/blogger.googleusercontent.com\/img\/b\/R29vZ2xl\/AVvXsEhuWEWrKx3HO__bOIL2YOzoxiodMzGFBPvLq3NV9aC0mqdSBD3kKj_QtJ5KmQF8-n-FP5pZrM32E4vbkt8jIvGXrcToDyLumdbh8ngYVYTRhJVDULBNlgrbBTf10tPCL6RsgtY\/s1600\/Capture+d%25E2%2580%2599e%25CC%2581cran+2018-10-28+a%25CC%2580+13.44.12.jpg\" data-original-width=\"800\" data-original-height=\"485\" \/><\/a><\/div>\n<p>\nj&rsquo;ai eu la chance de rencontrer l&rsquo;artiste <a href=\"http:\/\/www.musiol.ca\/\" target=\"_blank\">Marie-Jeanne Musiol<\/a> lors de ma r\u00e9sidence \u00e0 Gatineau \u00e0 l&rsquo;\u00e9t\u00e9 2017. Une rencontre combien inspirante. Marie-Jeanne nous a re\u00e7us dans chez elle au creux d&rsquo;une nature omnipr\u00e9sente et apaisante.<\/p>\n<p>elle nous a entretenus sur l&rsquo;\u00e9nergie des plantes, les feuilles surtout. elle photographie les ondes \u00e9lectromagn\u00e9tiques de ce v\u00e9g\u00e9tal cueilli \u00e0 diff\u00e9rents endroits. <\/p>\n<p>Pour notre plus grand plaisir, il existe maintenant un livre, \u00ab<a href=\"https:\/\/laforetradieuse.com\/\" target=\"_blank\">La for\u00eat radieuse<\/a>\u00bb. il faut en parcourir les pages pour voir l&rsquo;ampleur du projet sur les 20 derni\u00e8res ann\u00e9es. absolument magnifique et touchant. je vous sugg\u00e8re de lire son texte d&rsquo;introduction dans le pdf disponible sur le site pour mieux saisir la d\u00e9marche.<\/p>\n<p>\u00abEn dix courts chapitres soutenus par de nombreuses illustrations, La For\u00eat radieuse de Marie-Jeanne Musiol expose un arc de cr\u00e9ation et une m\u00e9thode pour r\u00e9v\u00e9ler les champs lumineux autour du vivant. Ce livre-source propose de peupler un premier herbier \u00e9nerg\u00e9tique au moyen de centaines de plantes saisies sur le vif par la photographie \u00e9lectromagn\u00e9tique.\u00bb<\/p>\n<p>il faut absolument \u00e9couter la courte vid\u00e9o, alors que Marie-Jeanne partage ses r\u00e9flexions et ses d\u00e9couvertes sur le v\u00e9g\u00e9tal vivant qui nous entoure.<\/p>\n<p>un coup de c\u0153ur!<\/p>\n","protected":false},"excerpt":{"rendered":"<p>j&rsquo;ai eu la chance de rencontrer l&rsquo;artiste Marie-Jeanne Musiol lors de ma r\u00e9sidence \u00e0 Gatineau \u00e0 l&rsquo;\u00e9t\u00e9 2017. Une rencontre combien inspirante. Marie-Jeanne nous a re\u00e7us dans chez elle au creux d&rsquo;une nature omnipr\u00e9sente et apaisante. elle nous a entretenus sur l&rsquo;\u00e9nergie des plantes, les feuilles surtout. elle photographie les ondes \u00e9lectromagn\u00e9tiques de ce v\u00e9g\u00e9tal cueilli \u00e0 diff\u00e9rents endroits. Pour notre plus grand plaisir, il existe maintenant un livre, \u00abLa for\u00eat radieuse\u00bb. il faut en parcourir les pages pour voir l&rsquo;ampleur du projet sur les 20 derni\u00e8res ann\u00e9es. absolument magnifique et touchant. je vous sugg\u00e8re de lire son texte d&rsquo;introduction dans le pdf disponible sur le site pour mieux saisir la d\u00e9marche. \u00abEn dix courts chapitres soutenus par de nombreuses illustrations, La For\u00eat radieuse de Marie-Jeanne Musiol expose un arc de cr\u00e9ation et une m\u00e9thode pour r\u00e9v\u00e9ler les champs lumineux autour du vivant. Ce livre-source propose de peupler un premier herbier \u00e9nerg\u00e9tique au moyen de centaines de plantes saisies sur le vif par la photographie \u00e9lectromagn\u00e9tique.\u00bb il faut absolument \u00e9couter la courte vid\u00e9o, alors que Marie-Jeanne partage ses r\u00e9flexions et ses d\u00e9couvertes sur le v\u00e9g\u00e9tal vivant qui nous entoure. un coup de c\u0153ur!<\/p>\n","protected":false},"author":1,"featured_media":0,"comment_status":"open","ping_status":"open","sticky":false,"template":"","format":"standard","meta":{"footnotes":""},"categories":[6,5,3,7],"tags":[],"class_list":["post-1072","post","type-post","status-publish","format-standard","hentry","category-air-du-temps","category-artistique","category-creativite","category-livres"],"acf":[],"_links":{"self":[{"href":"https:\/\/gycouture.com\/blogue\/index.php?rest_route=\/wp\/v2\/posts\/1072","targetHints":{"allow":["GET"]}}],"collection":[{"href":"https:\/\/gycouture.com\/blogue\/index.php?rest_route=\/wp\/v2\/posts"}],"about":[{"href":"https:\/\/gycouture.com\/blogue\/index.php?rest_route=\/wp\/v2\/types\/post"}],"author":[{"embeddable":true,"href":"https:\/\/gycouture.com\/blogue\/index.php?rest_route=\/wp\/v2\/users\/1"}],"replies":[{"embeddable":true,"href":"https:\/\/gycouture.com\/blogue\/index.php?rest_route=%2Fwp%2Fv2%2Fcomments&post=1072"}],"version-history":[{"count":0,"href":"https:\/\/gycouture.com\/blogue\/index.php?rest_route=\/wp\/v2\/posts\/1072\/revisions"}],"wp:attachment":[{"href":"https:\/\/gycouture.com\/blogue\/index.php?rest_route=%2Fwp%2Fv2%2Fmedia&parent=1072"}],"wp:term":[{"taxonomy":"category","embeddable":true,"href":"https:\/\/gycouture.com\/blogue\/index.php?rest_route=%2Fwp%2Fv2%2Fcategories&post=1072"},{"taxonomy":"post_tag","embeddable":true,"href":"https:\/\/gycouture.com\/blogue\/index.php?rest_route=%2Fwp%2Fv2%2Ftags&post=1072"}],"curies":[{"name":"wp","href":"https:\/\/api.w.org\/{rel}","templated":true}]}}