{"id":1008,"date":"2019-02-27T16:17:00","date_gmt":"2019-02-27T16:17:00","guid":{"rendered":"https:\/\/gycouture.com\/blogue\/index.php\/2019\/02\/27\/livre-du-jour-histoires-du-soir-pour-filles-rebelles-2\/"},"modified":"2019-02-27T16:17:00","modified_gmt":"2019-02-27T16:17:00","slug":"livre-du-jour-histoires-du-soir-pour-filles-rebelles-2","status":"publish","type":"post","link":"https:\/\/gycouture.com\/blogue\/?p=1008","title":{"rendered":"livre du jour: Histoires du soir pour filles rebelles, 2"},"content":{"rendered":"<div style=\"clear: both; text-align: center;\"><a href=\"https:\/\/blogger.googleusercontent.com\/img\/b\/R29vZ2xl\/AVvXsEhxkD2K9zIP1zKL69kwJ0bm1UFdR4RWiyvUpA2C6G2n4oZpB3pSiQXuoXmq9fwNeLpOLbfUgbmVilzdkhKSJXB7KKGFKrhnCaPNwkW9fvBtLb6GTb2wbNUOdcLSYdQfD5dM87E\/s1600\/IMG_2308.JPG\" style=\"margin-left: 1em; margin-right: 1em;\"><img decoding=\"async\" border=\"0\" src=\"https:\/\/blogger.googleusercontent.com\/img\/b\/R29vZ2xl\/AVvXsEhxkD2K9zIP1zKL69kwJ0bm1UFdR4RWiyvUpA2C6G2n4oZpB3pSiQXuoXmq9fwNeLpOLbfUgbmVilzdkhKSJXB7KKGFKrhnCaPNwkW9fvBtLb6GTb2wbNUOdcLSYdQfD5dM87E\/s1600\/IMG_2308.JPG\" data-original-width=\"800\" data-original-height=\"582\" \/><\/a><\/div>\n<p>\nj&rsquo;ai re\u00e7u r\u00e9cemment le livre \u00ab<a href=\"https:\/\/saint-jeanediteur.com\/titre\/histoires-du-soir-pour-filles-rebelles-2\/\" target=\"_blank\">Histoires du soir pour filles rebelles, 2<\/a>\u00bb (merci ginette et jean-mari). j&rsquo;avais d\u00e9j\u00e0 parl\u00e9 de ce livre ici <a href=\"https:\/\/gycouture.blogspot.com\/2018\/03\/deux-livres-magnifiques-intelligents.html\" target=\"_blank\">au mois de mars dernier<\/a>, il y a donc un an. j&rsquo;avais eu un r\u00e9el coup de c\u0153ur pour ce recueil et son histoire. j&rsquo;ai le m\u00eame plaisir pour celui-ci (et ceux \u00e0 venir probablement). <\/p>\n<div style=\"clear: both; text-align: center;\"><a href=\"https:\/\/blogger.googleusercontent.com\/img\/b\/R29vZ2xl\/AVvXsEjfsT3jjcDMTkFzUibcdknT67tIMjRWSEaMbyZn3rs6VZo6aMvPdFLcnhTMIxpS0gLG9Rzc48p-zDGIcAaO401LPj-Y2cqHgDCHnKM1qeomhUrGtlTC3V_78gyTi7N0aB7a7wI\/s1600\/IMG_2310.JPG\" style=\"margin-left: 1em; margin-right: 1em;\"><img decoding=\"async\" border=\"0\" src=\"https:\/\/blogger.googleusercontent.com\/img\/b\/R29vZ2xl\/AVvXsEjfsT3jjcDMTkFzUibcdknT67tIMjRWSEaMbyZn3rs6VZo6aMvPdFLcnhTMIxpS0gLG9Rzc48p-zDGIcAaO401LPj-Y2cqHgDCHnKM1qeomhUrGtlTC3V_78gyTi7N0aB7a7wI\/s1600\/IMG_2310.JPG\" data-original-width=\"800\" data-original-height=\"575\" \/><\/a><\/div>\n<p><\/p>\n<div style=\"clear: both; text-align: center;\"><a href=\"https:\/\/blogger.googleusercontent.com\/img\/b\/R29vZ2xl\/AVvXsEgtXk2i2n4H5EXMF2fIIiu5jguhnjBsu1c5ud_ETJ8x1mhLaWaGIT-6m4n2ozDslYgyPMRamyCNE6_Qb8APWzLv3FjDef_WaBOgSMOLB8BIRk9hxTGyMAW39E3PuMAJ6086T1Q\/s1600\/IMG_2311.JPG\" style=\"margin-left: 1em; margin-right: 1em;\"><img decoding=\"async\" border=\"0\" src=\"https:\/\/blogger.googleusercontent.com\/img\/b\/R29vZ2xl\/AVvXsEgtXk2i2n4H5EXMF2fIIiu5jguhnjBsu1c5ud_ETJ8x1mhLaWaGIT-6m4n2ozDslYgyPMRamyCNE6_Qb8APWzLv3FjDef_WaBOgSMOLB8BIRk9hxTGyMAW39E3PuMAJ6086T1Q\/s1600\/IMG_2311.JPG\" data-original-width=\"800\" data-original-height=\"571\" \/><\/a><\/div>\n<p>\nles auteurs nous racontent qu&rsquo;\u00e0 la suite du premier, une grande quantit\u00e9 de femmes extraordinaires leur ont \u00e9t\u00e9 sugg\u00e9r\u00e9es par des gens de partout dans le monde. cette fois-ci on fait vraiment des d\u00e9couvertes et c&rsquo;est l&rsquo;un des aspects tr\u00e8s enrichissants de ce livre. dans cet ouvrage aussi, 50&#160;illustratrices ont cr\u00e9\u00e9 les portraits.<\/p>\n<p>on r\u00e9alise qu&rsquo;on a peu pr\u00e9sent\u00e9 de femmes inspirantes depuis trop longtemps. il faut donc encourager ce genre d&rsquo;ouvrage si bien fait, positif et pertinent. \u00e0 mettre entre toutes les mains.<\/p>\n","protected":false},"excerpt":{"rendered":"<p>j&rsquo;ai re\u00e7u r\u00e9cemment le livre \u00abHistoires du soir pour filles rebelles, 2\u00bb (merci ginette et jean-mari). j&rsquo;avais d\u00e9j\u00e0 parl\u00e9 de ce livre ici au mois de mars dernier, il y a donc un an. j&rsquo;avais eu un r\u00e9el coup de c\u0153ur pour ce recueil et son histoire. j&rsquo;ai le m\u00eame plaisir pour celui-ci (et ceux \u00e0 venir probablement). les auteurs nous racontent qu&rsquo;\u00e0 la suite du premier, une grande quantit\u00e9 de femmes extraordinaires leur ont \u00e9t\u00e9 sugg\u00e9r\u00e9es par des gens de partout dans le monde. cette fois-ci on fait vraiment des d\u00e9couvertes et c&rsquo;est l&rsquo;un des aspects tr\u00e8s enrichissants de ce livre. dans cet ouvrage aussi, 50&#160;illustratrices ont cr\u00e9\u00e9 les portraits. on r\u00e9alise qu&rsquo;on a peu pr\u00e9sent\u00e9 de femmes inspirantes depuis trop longtemps. il faut donc encourager ce genre d&rsquo;ouvrage si bien fait, positif et pertinent. \u00e0 mettre entre toutes les mains.<\/p>\n","protected":false},"author":1,"featured_media":0,"comment_status":"open","ping_status":"open","sticky":false,"template":"","format":"standard","meta":{"footnotes":""},"categories":[6,5,7,10],"tags":[],"class_list":["post-1008","post","type-post","status-publish","format-standard","hentry","category-air-du-temps","category-artistique","category-livres","category-point-de-vue"],"acf":[],"_links":{"self":[{"href":"https:\/\/gycouture.com\/blogue\/index.php?rest_route=\/wp\/v2\/posts\/1008","targetHints":{"allow":["GET"]}}],"collection":[{"href":"https:\/\/gycouture.com\/blogue\/index.php?rest_route=\/wp\/v2\/posts"}],"about":[{"href":"https:\/\/gycouture.com\/blogue\/index.php?rest_route=\/wp\/v2\/types\/post"}],"author":[{"embeddable":true,"href":"https:\/\/gycouture.com\/blogue\/index.php?rest_route=\/wp\/v2\/users\/1"}],"replies":[{"embeddable":true,"href":"https:\/\/gycouture.com\/blogue\/index.php?rest_route=%2Fwp%2Fv2%2Fcomments&post=1008"}],"version-history":[{"count":0,"href":"https:\/\/gycouture.com\/blogue\/index.php?rest_route=\/wp\/v2\/posts\/1008\/revisions"}],"wp:attachment":[{"href":"https:\/\/gycouture.com\/blogue\/index.php?rest_route=%2Fwp%2Fv2%2Fmedia&parent=1008"}],"wp:term":[{"taxonomy":"category","embeddable":true,"href":"https:\/\/gycouture.com\/blogue\/index.php?rest_route=%2Fwp%2Fv2%2Fcategories&post=1008"},{"taxonomy":"post_tag","embeddable":true,"href":"https:\/\/gycouture.com\/blogue\/index.php?rest_route=%2Fwp%2Fv2%2Ftags&post=1008"}],"curies":[{"name":"wp","href":"https:\/\/api.w.org\/{rel}","templated":true}]}}